{"id":5828,"date":"2020-10-02T19:09:11","date_gmt":"2020-10-02T19:09:11","guid":{"rendered":"https:\/\/www.rivera.gub.uy\/social\/?p=5828"},"modified":"2020-10-02T19:09:11","modified_gmt":"2020-10-02T19:09:11","slug":"campeonato-nacional-de-tenis-de-mesa","status":"publish","type":"post","link":"https:\/\/www.rivera.gub.uy\/social\/campeonato-nacional-de-tenis-de-mesa\/","title":{"rendered":"Campeonato Nacional de Tenis de Mesa"},"content":{"rendered":"<p>Tenismesistas riverenses competir\u00e1n en el primer torneo del a\u00f1o, el \u00abCampeonato Nacional\u00bb, organizado por la Federaci\u00f3n Uruguaya de Tenis de Mesa.<!--more--><\/p>\n<ul>\n<li>Juan Cardozo ( junior y \u00fanica)<\/li>\n<li>Mat\u00edas Su\u00e1rez ( juvenil y \u00fanica)<\/li>\n<li>Enrique Brochi ( juvenil y \u00fanica)<\/li>\n<li>Diego Alves ( \u00fanica)<\/li>\n<li>Hugo Su\u00e1rez ( \u00fanica y senior)<\/li>\n<\/ul>\n","protected":false},"excerpt":{"rendered":"<p>Tenismesistas riverenses competir\u00e1n en el primer torneo del a\u00f1o, el \u00abCampeonato Nacional\u00bb, organizado por la Federaci\u00f3n Uruguaya de Tenis de Mesa.<\/p>\n","protected":false},"author":2,"featured_media":5829,"comment_status":"open","ping_status":"open","sticky":false,"template":"","format":"standard","meta":{"footnotes":""},"categories":[5,1],"tags":[],"_links":{"self":[{"href":"https:\/\/www.rivera.gub.uy\/social\/wp-json\/wp\/v2\/posts\/5828"}],"collection":[{"href":"https:\/\/www.rivera.gub.uy\/social\/wp-json\/wp\/v2\/posts"}],"about":[{"href":"https:\/\/www.rivera.gub.uy\/social\/wp-json\/wp\/v2\/types\/post"}],"author":[{"embeddable":true,"href":"https:\/\/www.rivera.gub.uy\/social\/wp-json\/wp\/v2\/users\/2"}],"replies":[{"embeddable":true,"href":"https:\/\/www.rivera.gub.uy\/social\/wp-json\/wp\/v2\/comments?post=5828"}],"version-history":[{"count":1,"href":"https:\/\/www.rivera.gub.uy\/social\/wp-json\/wp\/v2\/posts\/5828\/revisions"}],"predecessor-version":[{"id":5830,"href":"https:\/\/www.rivera.gub.uy\/social\/wp-json\/wp\/v2\/posts\/5828\/revisions\/5830"}],"wp:featuredmedia":[{"embeddable":true,"href":"https:\/\/www.rivera.gub.uy\/social\/wp-json\/wp\/v2\/media\/5829"}],"wp:attachment":[{"href":"https:\/\/www.rivera.gub.uy\/social\/wp-json\/wp\/v2\/media?parent=5828"}],"wp:term":[{"taxonomy":"category","embeddable":true,"href":"https:\/\/www.rivera.gub.uy\/social\/wp-json\/wp\/v2\/categories?post=5828"},{"taxonomy":"post_tag","embeddable":true,"href":"https:\/\/www.rivera.gub.uy\/social\/wp-json\/wp\/v2\/tags?post=5828"}],"curies":[{"name":"wp","href":"https:\/\/api.w.org\/{rel}","templated":true}]}}