{"id":5836,"date":"2020-10-03T04:31:50","date_gmt":"2020-10-03T04:31:50","guid":{"rendered":"https:\/\/www.rivera.gub.uy\/social\/?p=5836"},"modified":"2020-10-03T04:31:50","modified_gmt":"2020-10-03T04:31:50","slug":"dia-del-patrimonio-homenaje-al-dr-manuel-quintela","status":"publish","type":"post","link":"https:\/\/www.rivera.gub.uy\/social\/dia-del-patrimonio-homenaje-al-dr-manuel-quintela\/","title":{"rendered":"D\u00eda del Patrimonio: homenaje al Dr. Manuel Quintela"},"content":{"rendered":"<p>En el marco del mes del Patrimonio, cuya consigna este a\u00f1o es \u201cMedicina y salud, bienes a preservar\u201d, el Museo de Artes Pl\u00e1sticas homenajea al Dr. Manuel Quintela (1865-1928). El primer m\u00e9dico otorrinolaring\u00f3logo uruguayo y primer docente de dicha especialidad.<\/p>\n<p><!--more--><\/p>\n<p><iframe loading=\"lazy\" title=\"Homenaje al Dr. Manuel Quintela\" width=\"1160\" height=\"653\" src=\"https:\/\/www.youtube.com\/embed\/H9sIhL6fhO8?feature=oembed\" frameborder=\"0\" allow=\"accelerometer; autoplay; clipboard-write; encrypted-media; gyroscope; picture-in-picture\" allowfullscreen><\/iframe><\/p>\n","protected":false},"excerpt":{"rendered":"<p>En el marco del mes del Patrimonio, cuya consigna este a\u00f1o es \u201cMedicina y salud, bienes a preservar\u201d, el Museo de Artes Pl\u00e1sticas homenajea al Dr. Manuel Quintela (1865-1928). El primer m\u00e9dico otorrinolaring\u00f3logo uruguayo y primer docente de dicha especialidad.<\/p>\n","protected":false},"author":2,"featured_media":5837,"comment_status":"open","ping_status":"open","sticky":false,"template":"","format":"standard","meta":{"footnotes":""},"categories":[8,1,7],"tags":[38,325,326,17],"_links":{"self":[{"href":"https:\/\/www.rivera.gub.uy\/social\/wp-json\/wp\/v2\/posts\/5836"}],"collection":[{"href":"https:\/\/www.rivera.gub.uy\/social\/wp-json\/wp\/v2\/posts"}],"about":[{"href":"https:\/\/www.rivera.gub.uy\/social\/wp-json\/wp\/v2\/types\/post"}],"author":[{"embeddable":true,"href":"https:\/\/www.rivera.gub.uy\/social\/wp-json\/wp\/v2\/users\/2"}],"replies":[{"embeddable":true,"href":"https:\/\/www.rivera.gub.uy\/social\/wp-json\/wp\/v2\/comments?post=5836"}],"version-history":[{"count":3,"href":"https:\/\/www.rivera.gub.uy\/social\/wp-json\/wp\/v2\/posts\/5836\/revisions"}],"predecessor-version":[{"id":5840,"href":"https:\/\/www.rivera.gub.uy\/social\/wp-json\/wp\/v2\/posts\/5836\/revisions\/5840"}],"wp:featuredmedia":[{"embeddable":true,"href":"https:\/\/www.rivera.gub.uy\/social\/wp-json\/wp\/v2\/media\/5837"}],"wp:attachment":[{"href":"https:\/\/www.rivera.gub.uy\/social\/wp-json\/wp\/v2\/media?parent=5836"}],"wp:term":[{"taxonomy":"category","embeddable":true,"href":"https:\/\/www.rivera.gub.uy\/social\/wp-json\/wp\/v2\/categories?post=5836"},{"taxonomy":"post_tag","embeddable":true,"href":"https:\/\/www.rivera.gub.uy\/social\/wp-json\/wp\/v2\/tags?post=5836"}],"curies":[{"name":"wp","href":"https:\/\/api.w.org\/{rel}","templated":true}]}}