{"id":5858,"date":"2020-10-06T18:04:01","date_gmt":"2020-10-06T18:04:01","guid":{"rendered":"https:\/\/www.rivera.gub.uy\/social\/?p=5858"},"modified":"2020-10-06T18:09:50","modified_gmt":"2020-10-06T18:09:50","slug":"curso-de-peluqueria-en-el-centro-barrial-la-estiba","status":"publish","type":"post","link":"https:\/\/www.rivera.gub.uy\/social\/curso-de-peluqueria-en-el-centro-barrial-la-estiba\/","title":{"rendered":"Curso de peluquer\u00eda en el Centro Barrial La Estiba."},"content":{"rendered":"<p>Los d\u00edas mi\u00e9rcoles, jueves y viernes, de 14 a 17 horas, se lleva a cabo el curso de Peluquer\u00eda en el Centro Barrial La Estiba.<\/p>\n<p>En esta oportunidad son 22 las alumnas que reciben la capacitaci\u00f3n, que incluye la realizaci\u00f3n de cortes, tinturas, peinados, brushing, reflejos y decoloraciones.<\/p>\n<p>El curso es dictado por la profesora Solange Icardo, bajo estricto protocolo sanitario. <!--more--><\/p>\n<div id='gallery-1' class='gallery galleryid-5858 gallery-columns-3 gallery-size-thumbnail'><figure class='gallery-item'>\n\t\t\t<div class='gallery-icon portrait'>\n\t\t\t\t<a href='https:\/\/www.rivera.gub.uy\/social\/wp-content\/uploads\/2020\/10\/WhatsApp-Image-2020-10-06-at-1.41.03-PM-2-1.jpeg'><img loading=\"lazy\" decoding=\"async\" width=\"150\" height=\"150\" src=\"https:\/\/www.rivera.gub.uy\/social\/wp-content\/uploads\/2020\/10\/WhatsApp-Image-2020-10-06-at-1.41.03-PM-2-1-150x150.jpeg\" class=\"attachment-thumbnail size-thumbnail\" alt=\"\" \/><\/a>\n\t\t\t<\/div><\/figure><figure class='gallery-item'>\n\t\t\t<div class='gallery-icon portrait'>\n\t\t\t\t<a href='https:\/\/www.rivera.gub.uy\/social\/wp-content\/uploads\/2020\/10\/WhatsApp-Image-2020-10-06-at-1.41.04-PM-1-1.jpeg'><img loading=\"lazy\" decoding=\"async\" width=\"150\" height=\"150\" src=\"https:\/\/www.rivera.gub.uy\/social\/wp-content\/uploads\/2020\/10\/WhatsApp-Image-2020-10-06-at-1.41.04-PM-1-1-150x150.jpeg\" class=\"attachment-thumbnail size-thumbnail\" alt=\"\" \/><\/a>\n\t\t\t<\/div><\/figure><figure class='gallery-item'>\n\t\t\t<div class='gallery-icon portrait'>\n\t\t\t\t<a href='https:\/\/www.rivera.gub.uy\/social\/wp-content\/uploads\/2020\/10\/WhatsApp-Image-2020-10-06-at-1.41.04-PM-2-1.jpeg'><img loading=\"lazy\" decoding=\"async\" width=\"150\" height=\"150\" src=\"https:\/\/www.rivera.gub.uy\/social\/wp-content\/uploads\/2020\/10\/WhatsApp-Image-2020-10-06-at-1.41.04-PM-2-1-150x150.jpeg\" class=\"attachment-thumbnail size-thumbnail\" alt=\"\" \/><\/a>\n\t\t\t<\/div><\/figure><figure class='gallery-item'>\n\t\t\t<div class='gallery-icon portrait'>\n\t\t\t\t<a href='https:\/\/www.rivera.gub.uy\/social\/wp-content\/uploads\/2020\/10\/WhatsApp-Image-2020-10-06-at-1.41.04-PM-3.jpeg'><img loading=\"lazy\" decoding=\"async\" width=\"150\" height=\"150\" src=\"https:\/\/www.rivera.gub.uy\/social\/wp-content\/uploads\/2020\/10\/WhatsApp-Image-2020-10-06-at-1.41.04-PM-3-150x150.jpeg\" class=\"attachment-thumbnail size-thumbnail\" alt=\"\" \/><\/a>\n\t\t\t<\/div><\/figure><figure class='gallery-item'>\n\t\t\t<div class='gallery-icon portrait'>\n\t\t\t\t<a href='https:\/\/www.rivera.gub.uy\/social\/wp-content\/uploads\/2020\/10\/WhatsApp-Image-2020-10-06-at-1.41.05-PM-1-1.jpeg'><img loading=\"lazy\" decoding=\"async\" width=\"150\" height=\"150\" src=\"https:\/\/www.rivera.gub.uy\/social\/wp-content\/uploads\/2020\/10\/WhatsApp-Image-2020-10-06-at-1.41.05-PM-1-1-150x150.jpeg\" class=\"attachment-thumbnail size-thumbnail\" alt=\"\" \/><\/a>\n\t\t\t<\/div><\/figure><figure class='gallery-item'>\n\t\t\t<div class='gallery-icon portrait'>\n\t\t\t\t<a href='https:\/\/www.rivera.gub.uy\/social\/wp-content\/uploads\/2020\/10\/WhatsApp-Image-2020-10-06-at-1.41.05-PM-2-1.jpeg'><img loading=\"lazy\" decoding=\"async\" width=\"150\" height=\"150\" src=\"https:\/\/www.rivera.gub.uy\/social\/wp-content\/uploads\/2020\/10\/WhatsApp-Image-2020-10-06-at-1.41.05-PM-2-1-150x150.jpeg\" class=\"attachment-thumbnail size-thumbnail\" alt=\"\" \/><\/a>\n\t\t\t<\/div><\/figure><figure class='gallery-item'>\n\t\t\t<div class='gallery-icon portrait'>\n\t\t\t\t<a href='https:\/\/www.rivera.gub.uy\/social\/wp-content\/uploads\/2020\/10\/WhatsApp-Image-2020-10-06-at-1.41.05-PM-3.jpeg'><img loading=\"lazy\" decoding=\"async\" width=\"150\" height=\"150\" src=\"https:\/\/www.rivera.gub.uy\/social\/wp-content\/uploads\/2020\/10\/WhatsApp-Image-2020-10-06-at-1.41.05-PM-3-150x150.jpeg\" class=\"attachment-thumbnail size-thumbnail\" alt=\"\" \/><\/a>\n\t\t\t<\/div><\/figure><figure class='gallery-item'>\n\t\t\t<div class='gallery-icon portrait'>\n\t\t\t\t<a href='https:\/\/www.rivera.gub.uy\/social\/wp-content\/uploads\/2020\/10\/WhatsApp-Image-2020-10-06-at-1.41.06-PM-1-1.jpeg'><img loading=\"lazy\" decoding=\"async\" width=\"150\" height=\"150\" src=\"https:\/\/www.rivera.gub.uy\/social\/wp-content\/uploads\/2020\/10\/WhatsApp-Image-2020-10-06-at-1.41.06-PM-1-1-150x150.jpeg\" class=\"attachment-thumbnail size-thumbnail\" alt=\"\" \/><\/a>\n\t\t\t<\/div><\/figure><figure class='gallery-item'>\n\t\t\t<div class='gallery-icon portrait'>\n\t\t\t\t<a href='https:\/\/www.rivera.gub.uy\/social\/wp-content\/uploads\/2020\/10\/WhatsApp-Image-2020-10-06-at-1.41.06-PM-3.jpeg'><img loading=\"lazy\" decoding=\"async\" width=\"150\" height=\"150\" src=\"https:\/\/www.rivera.gub.uy\/social\/wp-content\/uploads\/2020\/10\/WhatsApp-Image-2020-10-06-at-1.41.06-PM-3-150x150.jpeg\" class=\"attachment-thumbnail size-thumbnail\" alt=\"\" \/><\/a>\n\t\t\t<\/div><\/figure>\n\t\t<\/div>\n\n","protected":false},"excerpt":{"rendered":"<p>Los d\u00edas mi\u00e9rcoles, jueves y viernes, de 14 a 17 horas, se lleva a cabo el curso de Peluquer\u00eda en el Centro Barrial La Estiba. En esta oportunidad son 22 las alumnas que reciben la capacitaci\u00f3n, que incluye la realizaci\u00f3n de cortes, tinturas, peinados, brushing, reflejos y decoloraciones. El curso es dictado por la profesora [&hellip;]<\/p>\n","protected":false},"author":2,"featured_media":5882,"comment_status":"open","ping_status":"open","sticky":false,"template":"","format":"standard","meta":{"footnotes":""},"categories":[6,1],"tags":[],"_links":{"self":[{"href":"https:\/\/www.rivera.gub.uy\/social\/wp-json\/wp\/v2\/posts\/5858"}],"collection":[{"href":"https:\/\/www.rivera.gub.uy\/social\/wp-json\/wp\/v2\/posts"}],"about":[{"href":"https:\/\/www.rivera.gub.uy\/social\/wp-json\/wp\/v2\/types\/post"}],"author":[{"embeddable":true,"href":"https:\/\/www.rivera.gub.uy\/social\/wp-json\/wp\/v2\/users\/2"}],"replies":[{"embeddable":true,"href":"https:\/\/www.rivera.gub.uy\/social\/wp-json\/wp\/v2\/comments?post=5858"}],"version-history":[{"count":1,"href":"https:\/\/www.rivera.gub.uy\/social\/wp-json\/wp\/v2\/posts\/5858\/revisions"}],"predecessor-version":[{"id":5884,"href":"https:\/\/www.rivera.gub.uy\/social\/wp-json\/wp\/v2\/posts\/5858\/revisions\/5884"}],"wp:featuredmedia":[{"embeddable":true,"href":"https:\/\/www.rivera.gub.uy\/social\/wp-json\/wp\/v2\/media\/5882"}],"wp:attachment":[{"href":"https:\/\/www.rivera.gub.uy\/social\/wp-json\/wp\/v2\/media?parent=5858"}],"wp:term":[{"taxonomy":"category","embeddable":true,"href":"https:\/\/www.rivera.gub.uy\/social\/wp-json\/wp\/v2\/categories?post=5858"},{"taxonomy":"post_tag","embeddable":true,"href":"https:\/\/www.rivera.gub.uy\/social\/wp-json\/wp\/v2\/tags?post=5858"}],"curies":[{"name":"wp","href":"https:\/\/api.w.org\/{rel}","templated":true}]}}