{"id":587,"date":"2017-08-21T20:13:22","date_gmt":"2017-08-21T20:13:22","guid":{"rendered":"http:\/\/rivera.gub.uy\/social\/?p=587"},"modified":"2017-08-22T12:22:12","modified_gmt":"2017-08-22T12:22:12","slug":"gala-de-la-independencia","status":"publish","type":"post","link":"https:\/\/www.rivera.gub.uy\/social\/gala-de-la-independencia\/","title":{"rendered":"\u00abGALA DE LA INDEPENDENCIA\u00bb"},"content":{"rendered":"<p>El 25 de agosto, a las 20 horas, el Teatro Municipal de Rivera se viste de fiesta para una gran velada, la \u00ab<strong><em>Gala de la Independencia<\/em><\/strong>\u00ab<!--more-->En esta oportunidad, contaremos con la participaci\u00f3n estelar desde Santiago del Estero- Argentina- de la Compa\u00f1\u00eda de Danzas \u00ab<em>ASHPA SUMAJ<\/em>\u00ab, desde Santana do Livramento- Brasil- \u00a0Cuerpo de Danzas del CTG \u00ab<em>PRESILHA DO PAGO<\/em>\u00ab.<\/p>\n<p>De ROU, los anfitriones, <em>BALLET FOLKL\u00d3RICO DEPARTAMENTAL DE RIVERA<\/em>.<\/p>\n<p>Hora: 20<\/p>\n<p>Entradas: $100.<\/p>\n<p><a href=\"http:\/\/rivera.gub.uy\/social\/wp-content\/uploads\/2017\/08\/Banner-Gala-Teatro3.png\"><img loading=\"lazy\" decoding=\"async\" class=\"aligncenter wp-image-588 size-medium\" src=\"http:\/\/rivera.gub.uy\/social\/wp-content\/uploads\/2017\/08\/Banner-Gala-Teatro3-300x300.png\" alt=\"\" width=\"300\" height=\"300\" srcset=\"https:\/\/www.rivera.gub.uy\/social\/wp-content\/uploads\/2017\/08\/Banner-Gala-Teatro3-300x300.png 300w, https:\/\/www.rivera.gub.uy\/social\/wp-content\/uploads\/2017\/08\/Banner-Gala-Teatro3-150x150.png 150w, https:\/\/www.rivera.gub.uy\/social\/wp-content\/uploads\/2017\/08\/Banner-Gala-Teatro3-768x768.png 768w, https:\/\/www.rivera.gub.uy\/social\/wp-content\/uploads\/2017\/08\/Banner-Gala-Teatro3-820x820.png 820w, https:\/\/www.rivera.gub.uy\/social\/wp-content\/uploads\/2017\/08\/Banner-Gala-Teatro3.png 1000w\" sizes=\"(max-width: 300px) 100vw, 300px\" \/><\/a><\/p>\n","protected":false},"excerpt":{"rendered":"<p>El 25 de agosto, a las 20 horas, el Teatro Municipal de Rivera se viste de fiesta para una gran velada, la \u00abGala de la Independencia\u00ab<\/p>\n","protected":false},"author":6,"featured_media":588,"comment_status":"open","ping_status":"open","sticky":false,"template":"","format":"standard","meta":{"footnotes":""},"categories":[8,1],"tags":[58,59,60,57,38,17],"_links":{"self":[{"href":"https:\/\/www.rivera.gub.uy\/social\/wp-json\/wp\/v2\/posts\/587"}],"collection":[{"href":"https:\/\/www.rivera.gub.uy\/social\/wp-json\/wp\/v2\/posts"}],"about":[{"href":"https:\/\/www.rivera.gub.uy\/social\/wp-json\/wp\/v2\/types\/post"}],"author":[{"embeddable":true,"href":"https:\/\/www.rivera.gub.uy\/social\/wp-json\/wp\/v2\/users\/6"}],"replies":[{"embeddable":true,"href":"https:\/\/www.rivera.gub.uy\/social\/wp-json\/wp\/v2\/comments?post=587"}],"version-history":[{"count":4,"href":"https:\/\/www.rivera.gub.uy\/social\/wp-json\/wp\/v2\/posts\/587\/revisions"}],"predecessor-version":[{"id":592,"href":"https:\/\/www.rivera.gub.uy\/social\/wp-json\/wp\/v2\/posts\/587\/revisions\/592"}],"wp:featuredmedia":[{"embeddable":true,"href":"https:\/\/www.rivera.gub.uy\/social\/wp-json\/wp\/v2\/media\/588"}],"wp:attachment":[{"href":"https:\/\/www.rivera.gub.uy\/social\/wp-json\/wp\/v2\/media?parent=587"}],"wp:term":[{"taxonomy":"category","embeddable":true,"href":"https:\/\/www.rivera.gub.uy\/social\/wp-json\/wp\/v2\/categories?post=587"},{"taxonomy":"post_tag","embeddable":true,"href":"https:\/\/www.rivera.gub.uy\/social\/wp-json\/wp\/v2\/tags?post=587"}],"curies":[{"name":"wp","href":"https:\/\/api.w.org\/{rel}","templated":true}]}}