{"id":5969,"date":"2020-10-13T17:51:02","date_gmt":"2020-10-13T17:51:02","guid":{"rendered":"https:\/\/www.rivera.gub.uy\/social\/?p=5969"},"modified":"2020-10-13T17:51:02","modified_gmt":"2020-10-13T17:51:02","slug":"bus-expreso-esperanza-visito-paso-ataques","status":"publish","type":"post","link":"https:\/\/www.rivera.gub.uy\/social\/bus-expreso-esperanza-visito-paso-ataques\/","title":{"rendered":"Bus Expreso Esperanza visit\u00f3 Paso Ataques"},"content":{"rendered":"<p>El Bus Expreso Esperanza visit\u00f3 la escuela N\u00b0 72 de Paso Ataques, a trav\u00e9s de Divisi\u00f3n Salud Municipal.<\/p>\n<p>Durante la jornada se realizaron 15 consultas m\u00e9dicas y 13 odontol\u00f3gicas.<\/p>\n<p><!--more--><\/p>\n<p>&nbsp;<\/p>\n<div id='gallery-1' class='gallery galleryid-5969 gallery-columns-2 gallery-size-thumbnail'><figure class='gallery-item'>\n\t\t\t<div class='gallery-icon portrait'>\n\t\t\t\t<a href='https:\/\/www.rivera.gub.uy\/social\/wp-content\/uploads\/2020\/10\/WhatsApp-Image-2020-10-13-at-2.34.05-PM-1.jpeg'><img loading=\"lazy\" decoding=\"async\" width=\"150\" height=\"150\" src=\"https:\/\/www.rivera.gub.uy\/social\/wp-content\/uploads\/2020\/10\/WhatsApp-Image-2020-10-13-at-2.34.05-PM-1-150x150.jpeg\" class=\"attachment-thumbnail size-thumbnail\" alt=\"\" \/><\/a>\n\t\t\t<\/div><\/figure><figure class='gallery-item'>\n\t\t\t<div class='gallery-icon landscape'>\n\t\t\t\t<a href='https:\/\/www.rivera.gub.uy\/social\/wp-content\/uploads\/2020\/10\/WhatsApp-Image-2020-10-13-at-2.34.05-PM.jpeg'><img loading=\"lazy\" decoding=\"async\" width=\"150\" height=\"150\" src=\"https:\/\/www.rivera.gub.uy\/social\/wp-content\/uploads\/2020\/10\/WhatsApp-Image-2020-10-13-at-2.34.05-PM-150x150.jpeg\" class=\"attachment-thumbnail size-thumbnail\" alt=\"\" \/><\/a>\n\t\t\t<\/div><\/figure>\n\t\t<\/div>\n\n","protected":false},"excerpt":{"rendered":"<p>El Bus Expreso Esperanza visit\u00f3 la escuela N\u00b0 72 de Paso Ataques, a trav\u00e9s de Divisi\u00f3n Salud Municipal. Durante la jornada se realizaron 15 consultas m\u00e9dicas y 13 odontol\u00f3gicas.<\/p>\n","protected":false},"author":2,"featured_media":5971,"comment_status":"open","ping_status":"open","sticky":false,"template":"","format":"standard","meta":{"footnotes":""},"categories":[1],"tags":[],"_links":{"self":[{"href":"https:\/\/www.rivera.gub.uy\/social\/wp-json\/wp\/v2\/posts\/5969"}],"collection":[{"href":"https:\/\/www.rivera.gub.uy\/social\/wp-json\/wp\/v2\/posts"}],"about":[{"href":"https:\/\/www.rivera.gub.uy\/social\/wp-json\/wp\/v2\/types\/post"}],"author":[{"embeddable":true,"href":"https:\/\/www.rivera.gub.uy\/social\/wp-json\/wp\/v2\/users\/2"}],"replies":[{"embeddable":true,"href":"https:\/\/www.rivera.gub.uy\/social\/wp-json\/wp\/v2\/comments?post=5969"}],"version-history":[{"count":1,"href":"https:\/\/www.rivera.gub.uy\/social\/wp-json\/wp\/v2\/posts\/5969\/revisions"}],"predecessor-version":[{"id":5972,"href":"https:\/\/www.rivera.gub.uy\/social\/wp-json\/wp\/v2\/posts\/5969\/revisions\/5972"}],"wp:featuredmedia":[{"embeddable":true,"href":"https:\/\/www.rivera.gub.uy\/social\/wp-json\/wp\/v2\/media\/5971"}],"wp:attachment":[{"href":"https:\/\/www.rivera.gub.uy\/social\/wp-json\/wp\/v2\/media?parent=5969"}],"wp:term":[{"taxonomy":"category","embeddable":true,"href":"https:\/\/www.rivera.gub.uy\/social\/wp-json\/wp\/v2\/categories?post=5969"},{"taxonomy":"post_tag","embeddable":true,"href":"https:\/\/www.rivera.gub.uy\/social\/wp-json\/wp\/v2\/tags?post=5969"}],"curies":[{"name":"wp","href":"https:\/\/api.w.org\/{rel}","templated":true}]}}