{"id":6064,"date":"2020-11-11T12:20:11","date_gmt":"2020-11-11T12:20:11","guid":{"rendered":"https:\/\/www.rivera.gub.uy\/social\/?p=6064"},"modified":"2020-11-11T12:20:17","modified_gmt":"2020-11-11T12:20:17","slug":"reinician-las-practicas-de-actividades-deportivas","status":"publish","type":"post","link":"https:\/\/www.rivera.gub.uy\/social\/reinician-las-practicas-de-actividades-deportivas\/","title":{"rendered":"Reinician las pr\u00e1cticas de actividades deportivas"},"content":{"rendered":"<p>Este lunes 16 de noviembre, Divisi\u00f3n Deportes reanuda la pr\u00e1ctica de actividades deportivas autorizadas.<\/p>\n<p>Cada una de las actividades, deber\u00e1 seguir el protocolo gu\u00eda correspondiente.<\/p>\n<p>&nbsp;<\/p>\n","protected":false},"excerpt":{"rendered":"<p>Este lunes 16 de noviembre, Divisi\u00f3n Deportes reanuda la pr\u00e1ctica de actividades deportivas autorizadas. Cada una de las actividades, deber\u00e1 seguir el protocolo gu\u00eda correspondiente. &nbsp;<\/p>\n","protected":false},"author":2,"featured_media":6065,"comment_status":"open","ping_status":"open","sticky":false,"template":"","format":"standard","meta":{"footnotes":""},"categories":[5,1],"tags":[],"_links":{"self":[{"href":"https:\/\/www.rivera.gub.uy\/social\/wp-json\/wp\/v2\/posts\/6064"}],"collection":[{"href":"https:\/\/www.rivera.gub.uy\/social\/wp-json\/wp\/v2\/posts"}],"about":[{"href":"https:\/\/www.rivera.gub.uy\/social\/wp-json\/wp\/v2\/types\/post"}],"author":[{"embeddable":true,"href":"https:\/\/www.rivera.gub.uy\/social\/wp-json\/wp\/v2\/users\/2"}],"replies":[{"embeddable":true,"href":"https:\/\/www.rivera.gub.uy\/social\/wp-json\/wp\/v2\/comments?post=6064"}],"version-history":[{"count":1,"href":"https:\/\/www.rivera.gub.uy\/social\/wp-json\/wp\/v2\/posts\/6064\/revisions"}],"predecessor-version":[{"id":6066,"href":"https:\/\/www.rivera.gub.uy\/social\/wp-json\/wp\/v2\/posts\/6064\/revisions\/6066"}],"wp:featuredmedia":[{"embeddable":true,"href":"https:\/\/www.rivera.gub.uy\/social\/wp-json\/wp\/v2\/media\/6065"}],"wp:attachment":[{"href":"https:\/\/www.rivera.gub.uy\/social\/wp-json\/wp\/v2\/media?parent=6064"}],"wp:term":[{"taxonomy":"category","embeddable":true,"href":"https:\/\/www.rivera.gub.uy\/social\/wp-json\/wp\/v2\/categories?post=6064"},{"taxonomy":"post_tag","embeddable":true,"href":"https:\/\/www.rivera.gub.uy\/social\/wp-json\/wp\/v2\/tags?post=6064"}],"curies":[{"name":"wp","href":"https:\/\/api.w.org\/{rel}","templated":true}]}}