{"id":6085,"date":"2020-11-17T12:27:26","date_gmt":"2020-11-17T12:27:26","guid":{"rendered":"https:\/\/www.rivera.gub.uy\/social\/?p=6085"},"modified":"2020-11-17T12:27:26","modified_gmt":"2020-11-17T12:27:26","slug":"liga-infantil-de-futbol-de-barrio","status":"publish","type":"post","link":"https:\/\/www.rivera.gub.uy\/social\/liga-infantil-de-futbol-de-barrio\/","title":{"rendered":"Liga Infantil de F\u00fatbol de Barrio"},"content":{"rendered":"<p>\u00a1Vuelve la alegr\u00eda de los m\u00e1s chicos del barrio!<\/p>\n<p>En complejo Don Bosco, y bajo protocolo oficial, inicia la Liga Infantil de F\u00fatbol sub 10 y sub 13. <!--more--><\/p>\n<p>&nbsp;<\/p>\n<p><a href=\"https:\/\/www.rivera.gub.uy\/social\/wp-content\/uploads\/2020\/11\/WhatsApp-Image-2020-11-16-at-9.16.42-AM-2.jpeg\"><img loading=\"lazy\" decoding=\"async\" class=\"aligncenter wp-image-6086 size-medium\" src=\"https:\/\/www.rivera.gub.uy\/social\/wp-content\/uploads\/2020\/11\/WhatsApp-Image-2020-11-16-at-9.16.42-AM-2-300x300.jpeg\" alt=\"\" width=\"300\" height=\"300\" srcset=\"https:\/\/www.rivera.gub.uy\/social\/wp-content\/uploads\/2020\/11\/WhatsApp-Image-2020-11-16-at-9.16.42-AM-2-300x300.jpeg 300w, https:\/\/www.rivera.gub.uy\/social\/wp-content\/uploads\/2020\/11\/WhatsApp-Image-2020-11-16-at-9.16.42-AM-2-1024x1024.jpeg 1024w, https:\/\/www.rivera.gub.uy\/social\/wp-content\/uploads\/2020\/11\/WhatsApp-Image-2020-11-16-at-9.16.42-AM-2-150x150.jpeg 150w, https:\/\/www.rivera.gub.uy\/social\/wp-content\/uploads\/2020\/11\/WhatsApp-Image-2020-11-16-at-9.16.42-AM-2-768x768.jpeg 768w, https:\/\/www.rivera.gub.uy\/social\/wp-content\/uploads\/2020\/11\/WhatsApp-Image-2020-11-16-at-9.16.42-AM-2-1536x1536.jpeg 1536w, https:\/\/www.rivera.gub.uy\/social\/wp-content\/uploads\/2020\/11\/WhatsApp-Image-2020-11-16-at-9.16.42-AM-2-820x820.jpeg 820w, https:\/\/www.rivera.gub.uy\/social\/wp-content\/uploads\/2020\/11\/WhatsApp-Image-2020-11-16-at-9.16.42-AM-2.jpeg 1600w\" sizes=\"(max-width: 300px) 100vw, 300px\" \/><\/a><\/p>\n","protected":false},"excerpt":{"rendered":"<p>\u00a1Vuelve la alegr\u00eda de los m\u00e1s chicos del barrio! En complejo Don Bosco, y bajo protocolo oficial, inicia la Liga Infantil de F\u00fatbol sub 10 y sub 13.<\/p>\n","protected":false},"author":2,"featured_media":6087,"comment_status":"open","ping_status":"open","sticky":false,"template":"","format":"standard","meta":{"footnotes":""},"categories":[5,1],"tags":[26,12,25],"_links":{"self":[{"href":"https:\/\/www.rivera.gub.uy\/social\/wp-json\/wp\/v2\/posts\/6085"}],"collection":[{"href":"https:\/\/www.rivera.gub.uy\/social\/wp-json\/wp\/v2\/posts"}],"about":[{"href":"https:\/\/www.rivera.gub.uy\/social\/wp-json\/wp\/v2\/types\/post"}],"author":[{"embeddable":true,"href":"https:\/\/www.rivera.gub.uy\/social\/wp-json\/wp\/v2\/users\/2"}],"replies":[{"embeddable":true,"href":"https:\/\/www.rivera.gub.uy\/social\/wp-json\/wp\/v2\/comments?post=6085"}],"version-history":[{"count":1,"href":"https:\/\/www.rivera.gub.uy\/social\/wp-json\/wp\/v2\/posts\/6085\/revisions"}],"predecessor-version":[{"id":6088,"href":"https:\/\/www.rivera.gub.uy\/social\/wp-json\/wp\/v2\/posts\/6085\/revisions\/6088"}],"wp:featuredmedia":[{"embeddable":true,"href":"https:\/\/www.rivera.gub.uy\/social\/wp-json\/wp\/v2\/media\/6087"}],"wp:attachment":[{"href":"https:\/\/www.rivera.gub.uy\/social\/wp-json\/wp\/v2\/media?parent=6085"}],"wp:term":[{"taxonomy":"category","embeddable":true,"href":"https:\/\/www.rivera.gub.uy\/social\/wp-json\/wp\/v2\/categories?post=6085"},{"taxonomy":"post_tag","embeddable":true,"href":"https:\/\/www.rivera.gub.uy\/social\/wp-json\/wp\/v2\/tags?post=6085"}],"curies":[{"name":"wp","href":"https:\/\/api.w.org\/{rel}","templated":true}]}}