{"id":6124,"date":"2020-11-24T15:23:30","date_gmt":"2020-11-24T15:23:30","guid":{"rendered":"https:\/\/www.rivera.gub.uy\/social\/?p=6124"},"modified":"2020-11-24T15:23:30","modified_gmt":"2020-11-24T15:23:30","slug":"clases-gratuitas-de-aerobica-step-y-ritmos","status":"publish","type":"post","link":"https:\/\/www.rivera.gub.uy\/social\/clases-gratuitas-de-aerobica-step-y-ritmos\/","title":{"rendered":"Clases gratuitas de aer\u00f3bica, step y ritmos"},"content":{"rendered":"<p>Reiniciaron las clases sistem\u00e1ticas gratuitas de aer\u00f3bica, step y ritmos en el complejo Santa Isabel, en La Pedrera y en el poblado de Cerro Pelado.<\/p>\n<p>Por mayores informes llamar al <a href=\"tel:+59846248654\">46248654<\/a>, secretar\u00eda del polideportivo.<\/p>\n<p>El deporte nos une y nos convoca a un mejor futuro.<\/p>\n<p>&nbsp;<\/p>\n","protected":false},"excerpt":{"rendered":"<p>Reiniciaron las clases sistem\u00e1ticas gratuitas de aer\u00f3bica, step y ritmos en el complejo Santa Isabel, en La Pedrera y en el poblado de Cerro Pelado. Por mayores informes llamar al 46248654, secretar\u00eda del polideportivo. El deporte nos une y nos convoca a un mejor futuro. &nbsp;<\/p>\n","protected":false},"author":2,"featured_media":6128,"comment_status":"open","ping_status":"open","sticky":false,"template":"","format":"standard","meta":{"footnotes":""},"categories":[5,1],"tags":[62,38,17,338],"_links":{"self":[{"href":"https:\/\/www.rivera.gub.uy\/social\/wp-json\/wp\/v2\/posts\/6124"}],"collection":[{"href":"https:\/\/www.rivera.gub.uy\/social\/wp-json\/wp\/v2\/posts"}],"about":[{"href":"https:\/\/www.rivera.gub.uy\/social\/wp-json\/wp\/v2\/types\/post"}],"author":[{"embeddable":true,"href":"https:\/\/www.rivera.gub.uy\/social\/wp-json\/wp\/v2\/users\/2"}],"replies":[{"embeddable":true,"href":"https:\/\/www.rivera.gub.uy\/social\/wp-json\/wp\/v2\/comments?post=6124"}],"version-history":[{"count":4,"href":"https:\/\/www.rivera.gub.uy\/social\/wp-json\/wp\/v2\/posts\/6124\/revisions"}],"predecessor-version":[{"id":6129,"href":"https:\/\/www.rivera.gub.uy\/social\/wp-json\/wp\/v2\/posts\/6124\/revisions\/6129"}],"wp:featuredmedia":[{"embeddable":true,"href":"https:\/\/www.rivera.gub.uy\/social\/wp-json\/wp\/v2\/media\/6128"}],"wp:attachment":[{"href":"https:\/\/www.rivera.gub.uy\/social\/wp-json\/wp\/v2\/media?parent=6124"}],"wp:term":[{"taxonomy":"category","embeddable":true,"href":"https:\/\/www.rivera.gub.uy\/social\/wp-json\/wp\/v2\/categories?post=6124"},{"taxonomy":"post_tag","embeddable":true,"href":"https:\/\/www.rivera.gub.uy\/social\/wp-json\/wp\/v2\/tags?post=6124"}],"curies":[{"name":"wp","href":"https:\/\/api.w.org\/{rel}","templated":true}]}}