{"id":6157,"date":"2020-12-01T16:15:24","date_gmt":"2020-12-01T16:15:24","guid":{"rendered":"https:\/\/www.rivera.gub.uy\/social\/?p=6157"},"modified":"2020-12-01T16:15:24","modified_gmt":"2020-12-01T16:15:24","slug":"aerobica-y-ritmos-en-cerro-pelado","status":"publish","type":"post","link":"https:\/\/www.rivera.gub.uy\/social\/aerobica-y-ritmos-en-cerro-pelado\/","title":{"rendered":"Aer\u00f3bica y Ritmos en Cerro Pelado"},"content":{"rendered":"<p>Comenzaron las clases de aer\u00f3bica y ritmos, brindadas por la Divisi\u00f3n Deportes, en Cerro Pelado.<\/p>\n<p>El deporte nos une y nos convoca a un mejor futuro.<!--more--><\/p>\n<p><a href=\"https:\/\/www.rivera.gub.uy\/social\/wp-content\/uploads\/2020\/12\/WhatsApp-Image-2020-12-01-at-11.04.33-AM.jpeg\"><img loading=\"lazy\" decoding=\"async\" class=\"aligncenter size-medium wp-image-6158\" src=\"https:\/\/www.rivera.gub.uy\/social\/wp-content\/uploads\/2020\/12\/WhatsApp-Image-2020-12-01-at-11.04.33-AM-300x169.jpeg\" alt=\"\" width=\"300\" height=\"169\" srcset=\"https:\/\/www.rivera.gub.uy\/social\/wp-content\/uploads\/2020\/12\/WhatsApp-Image-2020-12-01-at-11.04.33-AM-300x169.jpeg 300w, https:\/\/www.rivera.gub.uy\/social\/wp-content\/uploads\/2020\/12\/WhatsApp-Image-2020-12-01-at-11.04.33-AM-1024x576.jpeg 1024w, https:\/\/www.rivera.gub.uy\/social\/wp-content\/uploads\/2020\/12\/WhatsApp-Image-2020-12-01-at-11.04.33-AM-768x432.jpeg 768w, https:\/\/www.rivera.gub.uy\/social\/wp-content\/uploads\/2020\/12\/WhatsApp-Image-2020-12-01-at-11.04.33-AM-820x461.jpeg 820w, https:\/\/www.rivera.gub.uy\/social\/wp-content\/uploads\/2020\/12\/WhatsApp-Image-2020-12-01-at-11.04.33-AM.jpeg 1232w\" sizes=\"(max-width: 300px) 100vw, 300px\" \/><\/a><\/p>\n","protected":false},"excerpt":{"rendered":"<p>Comenzaron las clases de aer\u00f3bica y ritmos, brindadas por la Divisi\u00f3n Deportes, en Cerro Pelado. El deporte nos une y nos convoca a un mejor futuro.<\/p>\n","protected":false},"author":2,"featured_media":6158,"comment_status":"open","ping_status":"open","sticky":false,"template":"","format":"standard","meta":{"footnotes":""},"categories":[5,1],"tags":[],"_links":{"self":[{"href":"https:\/\/www.rivera.gub.uy\/social\/wp-json\/wp\/v2\/posts\/6157"}],"collection":[{"href":"https:\/\/www.rivera.gub.uy\/social\/wp-json\/wp\/v2\/posts"}],"about":[{"href":"https:\/\/www.rivera.gub.uy\/social\/wp-json\/wp\/v2\/types\/post"}],"author":[{"embeddable":true,"href":"https:\/\/www.rivera.gub.uy\/social\/wp-json\/wp\/v2\/users\/2"}],"replies":[{"embeddable":true,"href":"https:\/\/www.rivera.gub.uy\/social\/wp-json\/wp\/v2\/comments?post=6157"}],"version-history":[{"count":1,"href":"https:\/\/www.rivera.gub.uy\/social\/wp-json\/wp\/v2\/posts\/6157\/revisions"}],"predecessor-version":[{"id":6159,"href":"https:\/\/www.rivera.gub.uy\/social\/wp-json\/wp\/v2\/posts\/6157\/revisions\/6159"}],"wp:featuredmedia":[{"embeddable":true,"href":"https:\/\/www.rivera.gub.uy\/social\/wp-json\/wp\/v2\/media\/6158"}],"wp:attachment":[{"href":"https:\/\/www.rivera.gub.uy\/social\/wp-json\/wp\/v2\/media?parent=6157"}],"wp:term":[{"taxonomy":"category","embeddable":true,"href":"https:\/\/www.rivera.gub.uy\/social\/wp-json\/wp\/v2\/categories?post=6157"},{"taxonomy":"post_tag","embeddable":true,"href":"https:\/\/www.rivera.gub.uy\/social\/wp-json\/wp\/v2\/tags?post=6157"}],"curies":[{"name":"wp","href":"https:\/\/api.w.org\/{rel}","templated":true}]}}