{"id":6162,"date":"2020-12-02T11:33:42","date_gmt":"2020-12-02T11:33:42","guid":{"rendered":"https:\/\/www.rivera.gub.uy\/social\/?p=6162"},"modified":"2020-12-08T11:35:26","modified_gmt":"2020-12-08T11:35:26","slug":"pelota-vasca-2","status":"publish","type":"post","link":"https:\/\/www.rivera.gub.uy\/social\/pelota-vasca-2\/","title":{"rendered":"Pelota Vasca"},"content":{"rendered":"<p>Finaliz\u00f3 la 3ra. Etapa en la categor\u00eda Sub 50 del Torneo de Pelota Vasca en los frontones de la Plaza de Deportes.<\/p>\n<p>Los pelotaris ganadores por categor\u00edas, adem\u00e1s de recibir premios en cada etapa, acumulan puntos para la general.<!--more--><\/p>\n<p>El deporte nos une y nos convoca a un mejor futuro.<\/p>\n","protected":false},"excerpt":{"rendered":"<p>Finaliz\u00f3 la 3ra. Etapa en la categor\u00eda Sub 50 del Torneo de Pelota Vasca en los frontones de la Plaza de Deportes. Los pelotaris ganadores por categor\u00edas, adem\u00e1s de recibir premios en cada etapa, acumulan puntos para la general.<\/p>\n","protected":false},"author":2,"featured_media":6163,"comment_status":"open","ping_status":"open","sticky":false,"template":"","format":"standard","meta":{"footnotes":""},"categories":[5],"tags":[339],"_links":{"self":[{"href":"https:\/\/www.rivera.gub.uy\/social\/wp-json\/wp\/v2\/posts\/6162"}],"collection":[{"href":"https:\/\/www.rivera.gub.uy\/social\/wp-json\/wp\/v2\/posts"}],"about":[{"href":"https:\/\/www.rivera.gub.uy\/social\/wp-json\/wp\/v2\/types\/post"}],"author":[{"embeddable":true,"href":"https:\/\/www.rivera.gub.uy\/social\/wp-json\/wp\/v2\/users\/2"}],"replies":[{"embeddable":true,"href":"https:\/\/www.rivera.gub.uy\/social\/wp-json\/wp\/v2\/comments?post=6162"}],"version-history":[{"count":1,"href":"https:\/\/www.rivera.gub.uy\/social\/wp-json\/wp\/v2\/posts\/6162\/revisions"}],"predecessor-version":[{"id":6164,"href":"https:\/\/www.rivera.gub.uy\/social\/wp-json\/wp\/v2\/posts\/6162\/revisions\/6164"}],"wp:featuredmedia":[{"embeddable":true,"href":"https:\/\/www.rivera.gub.uy\/social\/wp-json\/wp\/v2\/media\/6163"}],"wp:attachment":[{"href":"https:\/\/www.rivera.gub.uy\/social\/wp-json\/wp\/v2\/media?parent=6162"}],"wp:term":[{"taxonomy":"category","embeddable":true,"href":"https:\/\/www.rivera.gub.uy\/social\/wp-json\/wp\/v2\/categories?post=6162"},{"taxonomy":"post_tag","embeddable":true,"href":"https:\/\/www.rivera.gub.uy\/social\/wp-json\/wp\/v2\/tags?post=6162"}],"curies":[{"name":"wp","href":"https:\/\/api.w.org\/{rel}","templated":true}]}}