{"id":6207,"date":"2020-12-11T17:24:41","date_gmt":"2020-12-11T17:24:41","guid":{"rendered":"https:\/\/www.rivera.gub.uy\/social\/?p=6207"},"modified":"2020-12-11T17:39:17","modified_gmt":"2020-12-11T17:39:17","slug":"proyecto-de-promocion-y-abastecimiento-de-carnes-en-el-marco-emergencia-sanitaria","status":"publish","type":"post","link":"https:\/\/www.rivera.gub.uy\/social\/proyecto-de-promocion-y-abastecimiento-de-carnes-en-el-marco-emergencia-sanitaria\/","title":{"rendered":"Proyecto de Promoci\u00f3n y Abastecimiento de Carnes"},"content":{"rendered":"<p>Ante la emergencia nacional por COVID 19, surgi\u00f3 el proyecto de Promoci\u00f3n y Abastecimiento de Carnes en el marco de emergencia sanitaria.<\/p>\n<p><!--more--><br \/>\nLa Intendencia Departamental de Rivera, a trav\u00e9s de la Direcci\u00f3n General de Promoci\u00f3n y Acci\u00f3n Social, fue beneficiada con una importante donaci\u00f3n de carne de pollo, cuyo aporte ha sido fundamental para lograr la excelencia en calidad de elaboraci\u00f3n de alimentos y la asistencia alimenticia abarc\u00f3 la distribuci\u00f3n de m\u00e1s de 2000 viandas diarias.<\/p>\n<p>El servicio se ofreci\u00f3 a trav\u00e9s del Sistema Nacional de Comedores .<\/p>\n<p>Cabe resaltar el trabajo de cooperaci\u00f3n y apoyo interinstitucional INAC &#8211; INDA &#8211; IDR y empresas privadas, quienes fueron imprescindibles para alcanzar la meta.<\/p>\n<p>Continuamos con lo esencial: la voluntad de trabajar, de seguir adelante buscando soluciones a lo que no podemos cambiar.<\/p>\n<p>Sabemos que todo lleva su tiempo, nada se recupera de un d\u00eda para otro.<\/p>\n<p>&nbsp;<\/p>\n<p><iframe loading=\"lazy\" title=\"Colaboraci\u00f3n a comedores de INDA - Empresas privadas e INAC\" width=\"1160\" height=\"653\" src=\"https:\/\/www.youtube.com\/embed\/GS0I8qACDwc?feature=oembed\" frameborder=\"0\" allow=\"accelerometer; autoplay; clipboard-write; encrypted-media; gyroscope; picture-in-picture\" allowfullscreen><\/iframe><\/p>\n","protected":false},"excerpt":{"rendered":"<p>Ante la emergencia nacional por COVID 19, surgi\u00f3 el proyecto de Promoci\u00f3n y Abastecimiento de Carnes en el marco de emergencia sanitaria.<\/p>\n","protected":false},"author":2,"featured_media":6208,"comment_status":"open","ping_status":"open","sticky":false,"template":"","format":"standard","meta":{"footnotes":""},"categories":[1,7],"tags":[],"_links":{"self":[{"href":"https:\/\/www.rivera.gub.uy\/social\/wp-json\/wp\/v2\/posts\/6207"}],"collection":[{"href":"https:\/\/www.rivera.gub.uy\/social\/wp-json\/wp\/v2\/posts"}],"about":[{"href":"https:\/\/www.rivera.gub.uy\/social\/wp-json\/wp\/v2\/types\/post"}],"author":[{"embeddable":true,"href":"https:\/\/www.rivera.gub.uy\/social\/wp-json\/wp\/v2\/users\/2"}],"replies":[{"embeddable":true,"href":"https:\/\/www.rivera.gub.uy\/social\/wp-json\/wp\/v2\/comments?post=6207"}],"version-history":[{"count":4,"href":"https:\/\/www.rivera.gub.uy\/social\/wp-json\/wp\/v2\/posts\/6207\/revisions"}],"predecessor-version":[{"id":6212,"href":"https:\/\/www.rivera.gub.uy\/social\/wp-json\/wp\/v2\/posts\/6207\/revisions\/6212"}],"wp:featuredmedia":[{"embeddable":true,"href":"https:\/\/www.rivera.gub.uy\/social\/wp-json\/wp\/v2\/media\/6208"}],"wp:attachment":[{"href":"https:\/\/www.rivera.gub.uy\/social\/wp-json\/wp\/v2\/media?parent=6207"}],"wp:term":[{"taxonomy":"category","embeddable":true,"href":"https:\/\/www.rivera.gub.uy\/social\/wp-json\/wp\/v2\/categories?post=6207"},{"taxonomy":"post_tag","embeddable":true,"href":"https:\/\/www.rivera.gub.uy\/social\/wp-json\/wp\/v2\/tags?post=6207"}],"curies":[{"name":"wp","href":"https:\/\/api.w.org\/{rel}","templated":true}]}}