{"id":6273,"date":"2020-12-29T15:01:47","date_gmt":"2020-12-29T15:01:47","guid":{"rendered":"https:\/\/www.rivera.gub.uy\/social\/?p=6273"},"modified":"2020-12-29T15:01:47","modified_gmt":"2020-12-29T15:01:47","slug":"cierre-de-actividades-deportivas","status":"publish","type":"post","link":"https:\/\/www.rivera.gub.uy\/social\/cierre-de-actividades-deportivas\/","title":{"rendered":"Cierre de actividades deportivas"},"content":{"rendered":"<p>Divisi\u00f3n Deportes realiz\u00f3 el cierre de actividades deportivas, del a\u00f1o 2020, en Cerro Pelado.<\/p>\n<p>El grupo recibi\u00f3 adem\u00e1s, steps aer\u00f3bicos de parte de la divisi\u00f3n.<\/p>\n<p>El deporte nos une y nos convoca a un mejor futuro.<!--more--><\/p>\n<p>&nbsp;<\/p>\n<div id='gallery-1' class='gallery galleryid-6273 gallery-columns-3 gallery-size-medium'><figure class='gallery-item'>\n\t\t\t<div class='gallery-icon landscape'>\n\t\t\t\t<a href='https:\/\/www.rivera.gub.uy\/social\/wp-content\/uploads\/2020\/12\/WhatsApp-Image-2020-12-28-at-2.06.19-PM.jpeg'><img loading=\"lazy\" decoding=\"async\" width=\"300\" height=\"169\" src=\"https:\/\/www.rivera.gub.uy\/social\/wp-content\/uploads\/2020\/12\/WhatsApp-Image-2020-12-28-at-2.06.19-PM-300x169.jpeg\" class=\"attachment-medium size-medium\" alt=\"\" srcset=\"https:\/\/www.rivera.gub.uy\/social\/wp-content\/uploads\/2020\/12\/WhatsApp-Image-2020-12-28-at-2.06.19-PM-300x169.jpeg 300w, https:\/\/www.rivera.gub.uy\/social\/wp-content\/uploads\/2020\/12\/WhatsApp-Image-2020-12-28-at-2.06.19-PM-1024x576.jpeg 1024w, https:\/\/www.rivera.gub.uy\/social\/wp-content\/uploads\/2020\/12\/WhatsApp-Image-2020-12-28-at-2.06.19-PM-768x432.jpeg 768w, https:\/\/www.rivera.gub.uy\/social\/wp-content\/uploads\/2020\/12\/WhatsApp-Image-2020-12-28-at-2.06.19-PM-1536x864.jpeg 1536w, https:\/\/www.rivera.gub.uy\/social\/wp-content\/uploads\/2020\/12\/WhatsApp-Image-2020-12-28-at-2.06.19-PM-820x461.jpeg 820w, https:\/\/www.rivera.gub.uy\/social\/wp-content\/uploads\/2020\/12\/WhatsApp-Image-2020-12-28-at-2.06.19-PM.jpeg 1600w\" sizes=\"(max-width: 300px) 100vw, 300px\" \/><\/a>\n\t\t\t<\/div><\/figure><figure class='gallery-item'>\n\t\t\t<div class='gallery-icon landscape'>\n\t\t\t\t<a href='https:\/\/www.rivera.gub.uy\/social\/wp-content\/uploads\/2020\/12\/WhatsApp-Image-2020-12-28-at-2.06.20-PM-2.jpeg'><img loading=\"lazy\" decoding=\"async\" width=\"300\" height=\"169\" src=\"https:\/\/www.rivera.gub.uy\/social\/wp-content\/uploads\/2020\/12\/WhatsApp-Image-2020-12-28-at-2.06.20-PM-2-300x169.jpeg\" class=\"attachment-medium size-medium\" alt=\"\" srcset=\"https:\/\/www.rivera.gub.uy\/social\/wp-content\/uploads\/2020\/12\/WhatsApp-Image-2020-12-28-at-2.06.20-PM-2-300x169.jpeg 300w, https:\/\/www.rivera.gub.uy\/social\/wp-content\/uploads\/2020\/12\/WhatsApp-Image-2020-12-28-at-2.06.20-PM-2-1024x576.jpeg 1024w, https:\/\/www.rivera.gub.uy\/social\/wp-content\/uploads\/2020\/12\/WhatsApp-Image-2020-12-28-at-2.06.20-PM-2-768x432.jpeg 768w, https:\/\/www.rivera.gub.uy\/social\/wp-content\/uploads\/2020\/12\/WhatsApp-Image-2020-12-28-at-2.06.20-PM-2-1536x864.jpeg 1536w, https:\/\/www.rivera.gub.uy\/social\/wp-content\/uploads\/2020\/12\/WhatsApp-Image-2020-12-28-at-2.06.20-PM-2-820x461.jpeg 820w, https:\/\/www.rivera.gub.uy\/social\/wp-content\/uploads\/2020\/12\/WhatsApp-Image-2020-12-28-at-2.06.20-PM-2.jpeg 1590w\" sizes=\"(max-width: 300px) 100vw, 300px\" \/><\/a>\n\t\t\t<\/div><\/figure><figure class='gallery-item'>\n\t\t\t<div class='gallery-icon landscape'>\n\t\t\t\t<a href='https:\/\/www.rivera.gub.uy\/social\/wp-content\/uploads\/2020\/12\/WhatsApp-Image-2020-12-28-at-2.06.20-PM.jpeg'><img loading=\"lazy\" decoding=\"async\" width=\"300\" height=\"169\" src=\"https:\/\/www.rivera.gub.uy\/social\/wp-content\/uploads\/2020\/12\/WhatsApp-Image-2020-12-28-at-2.06.20-PM-300x169.jpeg\" class=\"attachment-medium size-medium\" alt=\"\" srcset=\"https:\/\/www.rivera.gub.uy\/social\/wp-content\/uploads\/2020\/12\/WhatsApp-Image-2020-12-28-at-2.06.20-PM-300x169.jpeg 300w, https:\/\/www.rivera.gub.uy\/social\/wp-content\/uploads\/2020\/12\/WhatsApp-Image-2020-12-28-at-2.06.20-PM-1024x576.jpeg 1024w, https:\/\/www.rivera.gub.uy\/social\/wp-content\/uploads\/2020\/12\/WhatsApp-Image-2020-12-28-at-2.06.20-PM-768x432.jpeg 768w, https:\/\/www.rivera.gub.uy\/social\/wp-content\/uploads\/2020\/12\/WhatsApp-Image-2020-12-28-at-2.06.20-PM-820x461.jpeg 820w, https:\/\/www.rivera.gub.uy\/social\/wp-content\/uploads\/2020\/12\/WhatsApp-Image-2020-12-28-at-2.06.20-PM.jpeg 1052w\" sizes=\"(max-width: 300px) 100vw, 300px\" \/><\/a>\n\t\t\t<\/div><\/figure>\n\t\t<\/div>\n\n","protected":false},"excerpt":{"rendered":"<p>Divisi\u00f3n Deportes realiz\u00f3 el cierre de actividades deportivas, del a\u00f1o 2020, en Cerro Pelado. El grupo recibi\u00f3 adem\u00e1s, steps aer\u00f3bicos de parte de la divisi\u00f3n. El deporte nos une y nos convoca a un mejor futuro.<\/p>\n","protected":false},"author":2,"featured_media":6274,"comment_status":"open","ping_status":"open","sticky":false,"template":"","format":"standard","meta":{"footnotes":""},"categories":[5,1],"tags":[],"_links":{"self":[{"href":"https:\/\/www.rivera.gub.uy\/social\/wp-json\/wp\/v2\/posts\/6273"}],"collection":[{"href":"https:\/\/www.rivera.gub.uy\/social\/wp-json\/wp\/v2\/posts"}],"about":[{"href":"https:\/\/www.rivera.gub.uy\/social\/wp-json\/wp\/v2\/types\/post"}],"author":[{"embeddable":true,"href":"https:\/\/www.rivera.gub.uy\/social\/wp-json\/wp\/v2\/users\/2"}],"replies":[{"embeddable":true,"href":"https:\/\/www.rivera.gub.uy\/social\/wp-json\/wp\/v2\/comments?post=6273"}],"version-history":[{"count":1,"href":"https:\/\/www.rivera.gub.uy\/social\/wp-json\/wp\/v2\/posts\/6273\/revisions"}],"predecessor-version":[{"id":6278,"href":"https:\/\/www.rivera.gub.uy\/social\/wp-json\/wp\/v2\/posts\/6273\/revisions\/6278"}],"wp:featuredmedia":[{"embeddable":true,"href":"https:\/\/www.rivera.gub.uy\/social\/wp-json\/wp\/v2\/media\/6274"}],"wp:attachment":[{"href":"https:\/\/www.rivera.gub.uy\/social\/wp-json\/wp\/v2\/media?parent=6273"}],"wp:term":[{"taxonomy":"category","embeddable":true,"href":"https:\/\/www.rivera.gub.uy\/social\/wp-json\/wp\/v2\/categories?post=6273"},{"taxonomy":"post_tag","embeddable":true,"href":"https:\/\/www.rivera.gub.uy\/social\/wp-json\/wp\/v2\/tags?post=6273"}],"curies":[{"name":"wp","href":"https:\/\/api.w.org\/{rel}","templated":true}]}}