{"id":6410,"date":"2021-05-06T15:53:01","date_gmt":"2021-05-06T15:53:01","guid":{"rendered":"https:\/\/www.rivera.gub.uy\/social\/?p=6410"},"modified":"2021-05-06T15:53:15","modified_gmt":"2021-05-06T15:53:15","slug":"artistas-riverenses-exponen-en-japon","status":"publish","type":"post","link":"https:\/\/www.rivera.gub.uy\/social\/artistas-riverenses-exponen-en-japon\/","title":{"rendered":"Artistas riverenses exponen en Jap\u00f3n"},"content":{"rendered":"<p>Piezas de estudiantes de la tecnicatura en Artes &#8211; Artes Pl\u00e1sticas y Visuales de la Universidad de la Rep\u00fablica (Centro Regional Noreste Sede Rivera), fueron seleccionadas para la muestra sonora \u201cPaisaje resonante Montevideo \u21c6 Totsukakawa\u201d instalada en el parque Totsukawa Village, Jap\u00f3n.<!--more--><\/p>\n<p>Entre los 10 trabajos seleccionados, que previamente fueron presentados en el festival internacional de arte sonoro \u201cMonteaudio\u201d, se encuentran las piezas de las riverenses Julieta Ferreira (\u201cPachamama\u201d) y Mylai Benavidez (\u201cMainumbi\u201d).<\/p>\n<p>Fuente: <a href=\"https:\/\/www.rivera.udelar.edu.uy\/estudiantes-riverenses-seleccionadas-para-exposicion-sonora-en-parque-totsukawa-village-japon\/\" target=\"_blank\" rel=\"noopener noreferrer\">www.rivera.udelar.edu.uy<\/a><\/p>\n","protected":false},"excerpt":{"rendered":"<p>Piezas de estudiantes de la tecnicatura en Artes &#8211; Artes Pl\u00e1sticas y Visuales de la Universidad de la Rep\u00fablica (Centro Regional Noreste Sede Rivera), fueron seleccionadas para la muestra sonora \u201cPaisaje resonante Montevideo \u21c6 Totsukakawa\u201d instalada en el parque Totsukawa Village, Jap\u00f3n.<\/p>\n","protected":false},"author":2,"featured_media":6411,"comment_status":"open","ping_status":"open","sticky":false,"template":"","format":"standard","meta":{"footnotes":""},"categories":[8,1],"tags":[344,58,341,17,343,342,234],"_links":{"self":[{"href":"https:\/\/www.rivera.gub.uy\/social\/wp-json\/wp\/v2\/posts\/6410"}],"collection":[{"href":"https:\/\/www.rivera.gub.uy\/social\/wp-json\/wp\/v2\/posts"}],"about":[{"href":"https:\/\/www.rivera.gub.uy\/social\/wp-json\/wp\/v2\/types\/post"}],"author":[{"embeddable":true,"href":"https:\/\/www.rivera.gub.uy\/social\/wp-json\/wp\/v2\/users\/2"}],"replies":[{"embeddable":true,"href":"https:\/\/www.rivera.gub.uy\/social\/wp-json\/wp\/v2\/comments?post=6410"}],"version-history":[{"count":1,"href":"https:\/\/www.rivera.gub.uy\/social\/wp-json\/wp\/v2\/posts\/6410\/revisions"}],"predecessor-version":[{"id":6412,"href":"https:\/\/www.rivera.gub.uy\/social\/wp-json\/wp\/v2\/posts\/6410\/revisions\/6412"}],"wp:featuredmedia":[{"embeddable":true,"href":"https:\/\/www.rivera.gub.uy\/social\/wp-json\/wp\/v2\/media\/6411"}],"wp:attachment":[{"href":"https:\/\/www.rivera.gub.uy\/social\/wp-json\/wp\/v2\/media?parent=6410"}],"wp:term":[{"taxonomy":"category","embeddable":true,"href":"https:\/\/www.rivera.gub.uy\/social\/wp-json\/wp\/v2\/categories?post=6410"},{"taxonomy":"post_tag","embeddable":true,"href":"https:\/\/www.rivera.gub.uy\/social\/wp-json\/wp\/v2\/tags?post=6410"}],"curies":[{"name":"wp","href":"https:\/\/api.w.org\/{rel}","templated":true}]}}