{"id":6423,"date":"2021-06-01T14:58:47","date_gmt":"2021-06-01T14:58:47","guid":{"rendered":"https:\/\/www.rivera.gub.uy\/social\/?p=6423"},"modified":"2021-06-01T14:58:47","modified_gmt":"2021-06-01T14:58:47","slug":"segunda-edicion-online-del-mes-del-diseno","status":"publish","type":"post","link":"https:\/\/www.rivera.gub.uy\/social\/segunda-edicion-online-del-mes-del-diseno\/","title":{"rendered":"Segunda edici\u00f3n online del Mes del Dise\u00f1o"},"content":{"rendered":"<p>En su segunda edici\u00f3n online, el evento organizado por la C\u00e1mara de Dise\u00f1o del Uruguay re\u00fane a la comunidad del dise\u00f1o en torno a charlas, mesas redondas, entrevistas y talleres junto a referentes nacionales e internacionales.<\/p>\n<p>Actividades sin costo y con inscripci\u00f3n previa a realizarse a trav\u00e9s de la plataforma Zoom.<!--more--><\/p>\n<p>En su edici\u00f3n 2021 el mes del dise\u00f1o invita a pensar y definir las Nuevas fronteras del dise\u00f1o, por ello, la agenda propone descubrir los distintos campos de intervenci\u00f3n del dise\u00f1o. G\u00e9nero, pol\u00edtica, innovaci\u00f3n p\u00fablica, estrategia y empresas, son algunos de los ejes tem\u00e1ticos elegidos para esta edici\u00f3n.<\/p>\n<p>M\u00e1s informaci\u00f3n en <a href=\"https:\/\/cdu.org.uy\/\" target=\"_blank\" rel=\"noopener noreferrer\">www.cdu.org.uy<\/a><\/p>\n<p>Agenda del mes:<\/p>\n<p>SEMANA 1<\/p>\n<p><strong>Mi\u00e9rcoles 2 | 19 h<\/strong><\/p>\n<p><strong>Webtalk El talento no es suficiente.<\/strong><br \/>\nPautas que todo creativo deber\u00eda tener en cuenta para proyectar y dirigir su propia actividad<br \/>\nprofesional y desempe\u00f1arse con efectividad.<br \/>\n<em><br \/>\nExpone: Fernando Del Vecchio<\/em><\/p>\n<p><strong>Jueves 3 | 10 h<\/strong><\/p>\n<p><strong>Mesa Redonda Dise\u00f1o y estrategia empresarial<\/strong><br \/>\nIncluir el dise\u00f1o como parte de la estrategia en la cadena de valor aumenta la visibilidad,<br \/>\ngenera innovaci\u00f3n en los modelos de negocio y mejora la competitividad. En este nuevo<br \/>\ncontexto, el objetivo es reflexionar sobre los desaf\u00edos de las empresas y c\u00f3mo el dise\u00f1o<br \/>\npuede aportar soluciones.<\/p>\n<p><em>Exponen: Mar\u00eda Navarro (Gerente de la Asociaci\u00f3n de Dise\u00f1adores de la Comunitat<\/em><br \/>\n<em>Valenciana Espa\u00f1a), F\u00e1tima Valer (Fundadora de DIP y Service Designer en BioActiva Per\u00fa),<\/em><br \/>\n<em>Emilio Oteiza (Dise\u00f1ador industrial y fundador de Ignite Consultor\u00eda en Innovaci\u00f3n y Dise\u00f1oUruguay)<\/em><\/p>\n<p>&nbsp;<\/p>\n<p><strong>Viernes 4 | 19 h<\/strong><\/p>\n<p><strong>Instagram Live Ciclo \u00bfQu\u00e9 significa dise\u00f1ar hoy?<\/strong><\/p>\n<p><em>Participan: Menini Nicola (Uruguay) y Bernardo Senna (Brasil)<\/em><\/p>\n<p>&nbsp;<\/p>\n<p><strong>SEMANA 2<\/strong><\/p>\n<p><strong>Martes 8 | 19 h<\/strong><\/p>\n<p><strong>Workshop: Dise\u00f1ando el Futuro: \u00bfPor qu\u00e9? \u00bfPor qui\u00e9n? \u00bfPara qui\u00e9n?<\/strong><\/p>\n<p><em>Expone: Leticia Britos Design Thinking<\/em><\/p>\n<p>En esta sesi\u00f3n interactiva exploraremos el rol del dise\u00f1o en el proceso de dar forma a m\u00faltiples visiones del futuro, y distintas maneras de acercarnos a aquellos futuros que queremos construir. Reflexionaremos acerca de quienes actualmente participan en esos procesos de construcci\u00f3n y maneras en que cada uno de nosotros puede contribuir a ampliar y diversificar esa participaci\u00f3n a trav\u00e9s de nuestro trabajo desde distintas \u00e1reas &#8212; corporativa, acad\u00e9mica, gobierno, sector social.<\/p>\n<p>Leticia es co-fundadora y co-directora del programa <a href=\"https:\/\/universityinnovationfellows.org\/\" target=\"_blank\" rel=\"noopener noreferrer\">University Innovation Fellows<\/a> (UIF) y Profesor Adjunto en el Instituto de Dise\u00f1o Hasso Plattner (<a href=\"https:\/\/dschool.stanford.edu\/\" target=\"_blank\" rel=\"noopener noreferrer\">d.school<\/a>) de la Universidad de Stanford.<\/p>\n<p><strong>Mi\u00e9rcoles 9 |19 h<\/strong><\/p>\n<p><strong>Webtalk: Emprender en creatividad<\/strong><\/p>\n<p>\u00bfQu\u00e9 es la creatividad? \u00bfQu\u00e9 tienen de particular los emprendimientos creativos? Algunas herramientas claves para poder emprender y vivir de nuestro trabajo<\/p>\n<p><em>Expone: Ec. Diego Traverso<\/em><\/p>\n<p>Diego Traverso es m\u00fasico y Licenciado en Econom\u00eda por la Universidad de la Rep\u00fablica del Uruguay especializ\u00e1ndose en Econom\u00eda de la Cultura. Actualmente trabaja en Sinergia Emprendimientos y como consultor independiente en el \u00e1rea de industrias creativas.<\/p>\n<p><strong>Jueves 10 | 10 h<\/strong><\/p>\n<p><strong>Mesa Redonda: Dise\u00f1o, pol\u00edtica y crisis<\/strong><\/p>\n<p>El objetivo de la actividad es intercambiar sobre acciones de incidencia del dise\u00f1o en este contexto mundial y compartir experiencias de distintas comunidades y su trabajo para el fortalecimiento del sector.<\/p>\n<p><em>Exponen: (Ex Presidenta de la READ Espa\u00f1a), Teresa Jular P\u00e9rez-Alfaro Marcelo Rojas (Presidente de Chile Dise\u00f1o), William Urue\u00f1a (Presidente de la C\u00e1mara de Dise\u00f1o de Ecuador)<\/em><\/p>\n<p><strong>Jueves10 | 17.30 h<\/strong><\/p>\n<p><strong>Webtalk: Dise\u00f1o en tiempos de ecommerce<\/strong><\/p>\n<p>En el marco del ciclo de charlas a estudiantes organizadas por el \u00c1rea de Gesti\u00f3n de la Escuela Universitaria de Dise\u00f1o, Diego nos invita a reflexionar sobre cu\u00e1les son las oportunidades, y desaf\u00edos, que el comercio electr\u00f3nico abre para las distintas \u00e1reas del Dise\u00f1o.<\/p>\n<p><em>Expone: DI Diego Fraga<\/em><\/p>\n<p>Actividad en el marco del ciclo de charlas virtuales Dise\u00f1o, Estrategia y Gesti\u00f3n Organiza: EUCD<\/p>\n<p><strong>Viernes 11 | 19 h<\/strong><\/p>\n<p><strong>Ciclo Instagram Live \u00bfQu\u00e9 significa dise\u00f1ar hoy?<\/strong><\/p>\n<p><em>Participan: Gabriela Pallares (Uruguay) &#8211; Estudio Persona (EE.UU)<\/em><\/p>\n<p><strong>S\u00e1bado 12 | 10 h<\/strong><\/p>\n<p><strong>Workshop: Taller de iniciaci\u00f3n en fieltro<\/strong><\/p>\n<p><em>Expone: Luc\u00eda Bel\u00e9n Navarro, directora de Fen\u00f3menos Textiles<\/em><\/p>\n<p>El objetivo del curso es adquirir conocimientos te\u00f3ricos, tecnol\u00f3gicos y experimentales en la t\u00e9cnica del fieltro. Aportar valor a los productos, dise\u00f1ados con una forma diferente de trabajar una materia prima nacional.<\/p>\n<p>&nbsp;<\/p>\n<p><strong>SEMANA 3<\/strong><\/p>\n<p><strong>Lunes 14 | 19 h<\/strong><\/p>\n<p><strong>Webtalk: Pensemos en el dise\u00f1o<br \/>\n<\/strong>La importancia de aprender a usar las emociones para proyectar y crear. El objetivo ser\u00e1 alentar a los participantes al uso de su propia sensibilidad para la conformaci\u00f3n de ideas, incitando a la reflexi\u00f3n a trav\u00e9s de mi propia experiencia. C\u00f3mo usar su sensibilidad y su<br \/>\ncapacidad creativa como herramienta para su desarrollo personal, la soluci\u00f3n de problemas, y la creaci\u00f3n y desarrollo de proyectos.<\/p>\n<p><em>Expone: Arq. Mar\u00eda del Mar Busquets<\/em><\/p>\n<p><strong>Martes 15| 10 h<\/strong><\/p>\n<p><strong>Webtalk: Ejercicio ilegal del dise\u00f1o. Apropiaci\u00f3n de marca.<\/strong><\/p>\n<p><em>Expone: Dra. Ver\u00f3nica Vanrell. Directora de Vanrell Abogados, propiedad intelectual. Docente de UDE<\/em><br \/>\nOrganiza: UDE<\/p>\n<p><strong>Martes 15 | 19 h<\/strong><br \/>\n<strong><br \/>\nWorkshop: Conservar la esperanza &#8211; macrotendencias 2023<\/strong><br \/>\n<em><br \/>\nExpone: Pablo Gim\u00e9nez<\/em><br \/>\nLa creencia de que las cosas mejorar\u00e1n, y el papel que desempe\u00f1a la voluntad individual en ese cambio, est\u00e1n haciendo que los consumidores se centren en c\u00f3mo ser\u00e1 un mundo renovado dentro del \u00e1mbito de la moda.<br \/>\nPablo Gime\u0301nez, emprendedor, asesor, Director Creativo y Docente de larga trayectoria con reconocimiento tanto en el \u00e1mbito nacional y regional.<\/p>\n<p><strong>Jueves17 | 19 h<\/strong><\/p>\n<p><strong>Mesa Redonda: Dise\u00f1o e innovaci\u00f3n<\/strong><br \/>\nEl Dise\u00f1o es una herramientas muy potente para apoyar la transformaci\u00f3n del Estado por medio de la creaci\u00f3n de servicios con foco en los ciudadanos. El objetivo ser\u00e1 compartir iniciativas e intercambiar experiencias sobre dise\u00f1o e innovaci\u00f3n y cu\u00e1l es el horizonte a seguir fortaleciendo para aportar desde el dise\u00f1o al sector p\u00fablico.<\/p>\n<p><em>Exponen: Agustina Maggiore (Gerente de Metodolog\u00edas de Innovaci\u00f3n en la Direcci\u00f3n General de Innovaci\u00f3n del Gobierno de la Ciudad de Buenos Aires), Alejandro Peveros Razo (Presidente del Consejo de Innovaci\u00f3n y Dise\u00f1o de M\u00e9xico) yGerardo Agresta (asesor de innovaci\u00f3n en Departamento de Desarrollo Sostenible e Inteligente de la Intendencia de Montevideo).<\/em><\/p>\n<p><strong>Viernes 18 | 19 h<\/strong><\/p>\n<p><strong>Ciclo Instagram Live \u00bfQu\u00e9 significa dise\u00f1ar hoy?<\/strong><br \/>\n<em><br \/>\nParticipan: Uno Design (Uru) y Estudio Questton\u00f3 (Brasil)<\/em><\/p>\n<p>&nbsp;<\/p>\n<p><strong>SEMANA 4<\/strong><\/p>\n<p><strong>Lunes 21 | 19 h<\/strong><\/p>\n<p><strong>Webtalk: Introducci\u00f3n al dise\u00f1o en rutas tur\u00edsticas (por Instagram Live)<\/strong><br \/>\nEsta charla pretende acercar los puntos clave a tener en cuenta a la hora de dise\u00f1ar una ruta tur\u00edstica que involucre al visitante (local o internacional), al destino, a empresas privadas, al sector p\u00fablico y a la comunidad local.<\/p>\n<p><em>Expone: Otra Piel<\/em><\/p>\n<p><strong>Martes 22 | 10 h<\/strong><\/p>\n<p><strong>Webtalk: Moda &amp; Sostenibilidad: Impulsar el cambio desde la perspectiva Fashion Revolution<\/strong><br \/>\nEn esta charla dos referentes del movimiento en Latam, invitan a reflexionar sobre la concientizaci\u00f3n y activismo como motor de cambio en la industria de la moda y la importancia de pensar este cambio en forma global.<\/p>\n<p><em>Exponen: Eloisa Ponce de Le\u00f3n (Country Coordinator Fashion Revolution Uruguay) y Noel Falken (Communications Coordinator Fashion Revolution Uruguay).<\/em><\/p>\n<p><strong>Martes 22 | 19 h<\/strong><\/p>\n<p><strong>Ciclo Instagram Live \u00bfQu\u00e9 significa dise\u00f1ar hoy?<\/strong><\/p>\n<p><em>Presentan: Destino Dise\u00f1o y Selva Juana<\/em><\/p>\n<p><strong>Mi\u00e9rcoles 23 | 19 h<\/strong><\/p>\n<p><strong>Webtalk a cargo de la C\u00e1mara de Econom\u00eda Digital de Uruguay<\/strong><\/p>\n<p>Expone: Andr\u00e9s Marrero<\/p>\n<p><strong>Jueves 24 | 17.30 h<\/strong><em><br \/>\n<\/em><br \/>\n<strong>Webtalk: Marketing digital para la post pandemia<\/strong><\/p>\n<p><em>Expone: M\u00e1g. C\u00e9sar Trujillo<\/em><br \/>\nActividad en el marco del ciclo de Charlas Virtuales Dise\u00f1o, Estrategia y Gesti\u00f3n<br \/>\nOrganiza: EUCD<\/p>\n<p><strong>jueves 24 | 19 h<\/strong><\/p>\n<p><strong>Mesa Redonda: El futuro de la industria textil en Uruguay<\/strong><br \/>\nLa industria textil nacional viene transitando un escenario de crisis econ\u00f3mica de varios a\u00f1os sumado a la crisis medioambiental que ha provocado a nivel mundial. El objetivo es reflexionar desde quienes integran la industria, la academia y el Estado los posibles caminos de reconstrucci\u00f3n y di\u00e1logo con una mirada hacia un futuro sostenible.<\/p>\n<p><em>Exponen: Adriana Reig\u00eda y Mar\u00eda Jos\u00e9 Rey (integrantes de la C\u00e1mara de la Vestimenta) Flor de Liz Feijoo (Secretaria general del Sindicato \u00danico de la Aguja), Ing. Qu\u00edm Susana Pecoy (Directora Nacional de Industria &#8211; MIEM), Lucrecia de Le\u00f3n (asistente acad\u00e9mica Escuela Universitaria Centro de Dise\u00f1o FADU-UdelaR)<\/em><\/p>\n<p><strong>Viernes 25 | 10 h<\/strong><\/p>\n<p><strong>Webtalk: a cargo de M\u00f3nica Farkas (Coordinadora de la Licenciatura en Comunicaci\u00f3n Visual de FADU-UdelaR)<\/strong><\/p>\n<p><strong>Viernes 25 | 19 h<\/strong><\/p>\n<p><strong>Mesa Redonda: Dise\u00f1o y g\u00e9nero<\/strong><br \/>\nDurante la actividad se reflexionar\u00e1 sobre la perspectiva de g\u00e9nero dentro del \u00e1mbito del dise\u00f1o, para resolver problem\u00e1ticas referidas a la inequidad, generar caminos de di\u00e1logo a nivel pol\u00edtico y desarrollo social.<\/p>\n<p><em>Exponen: Valentina Est\u00e9vez (+Mujeres en UX Uruguay), referentes de Hay Futura (Argentina), Alejandra Mart\u00ednez y Lourdes Chiriff (CETP-UTU).<br \/>\n<\/em><\/p>\n<p><strong>SEMANA 5<\/strong><\/p>\n<p><strong>Lunes 28 | 19 h<\/strong><\/p>\n<p><strong>Webtalk: Repensar los materiales<\/strong><br \/>\nEn los \u00faltimos a\u00f1os los biomateriales, el biodise\u00f1o, las pr\u00e1cticas sustentables y sostenibles as\u00ed como los proyectos regenerativos est\u00e1n siendo renombrados en el dise\u00f1o, arquitectura, arte y otras actividades. En esta charla se buscar\u00e1 acercar una noci\u00f3n sobre estas materialidades y el inter\u00e9s que hay sobre ellos, un recorrido por Latinoam\u00e9rica y por otras partes del mundo. Se incluye una breve demostraci\u00f3n sobre c\u00f3mo realizar un Biomaterial desde casa.<\/p>\n<p><em>Expone: Simbi\u00f3ticas Lab<\/em><\/p>\n<p><strong>Martes 29 | 10 h<\/strong><\/p>\n<p><strong>Webtalk: Revoluci\u00f3n Digital: Introducci\u00f3n al marketing digital desde el dise\u00f1o.<\/strong><br \/>\nLa presencia de internet en nuestras vidas cotidianas trae cambios comparables a los de la invenci\u00f3n de la imprenta o revoluci\u00f3n industrial. Este encuentro busca establecer los par\u00e1metros en los que se desarrolla esta revoluci\u00f3n, as\u00ed como los desaf\u00edos, oportunidades y ventajas que implican en relaci\u00f3n a la comunicaci\u00f3n, dise\u00f1o y publicidad.<\/p>\n<p><em>Expone: Lic. Diego G\u00e1lvez. Dise\u00f1ador Gr\u00e1fico. Docente de UDE<\/em><br \/>\nOrganiza: UDE<\/p>\n<p><strong>Martes 29 | 19 h<\/strong><\/p>\n<p><strong>Ciclo Instagram Live \u00bfQu\u00e9 significa dise\u00f1ar hoy?<\/strong><br \/>\n<em>Participan: Majo Estudio Creativo (Uruguay) y Led Ram\u00edrez (M\u00e9xico)<\/em><\/p>\n<p><strong>Mi\u00e9rcoles 30 | 19 h<\/strong><\/p>\n<p><strong>Mesa Redonda: La importancia de pensar a partir del no-producto &#8211; Redise\u00f1a<\/strong><br \/>\nConversatorio con los ganadores de Redise\u00f1a 2021 enfocado en el trabajo con desechos de la industria de la moda, la importancia de dise\u00f1ar teniendo como punto de partida elementos desechados. El fin puede ser un nuevo comienzo.<\/p>\n","protected":false},"excerpt":{"rendered":"<p>En su segunda edici\u00f3n online, el evento organizado por la C\u00e1mara de Dise\u00f1o del Uruguay re\u00fane a la comunidad del dise\u00f1o en torno a charlas, mesas redondas, entrevistas y talleres junto a referentes nacionales e internacionales. Actividades sin costo y con inscripci\u00f3n previa a realizarse a trav\u00e9s de la plataforma Zoom.<\/p>\n","protected":false},"author":2,"featured_media":6426,"comment_status":"open","ping_status":"open","sticky":false,"template":"","format":"standard","meta":{"footnotes":""},"categories":[8,1],"tags":[],"_links":{"self":[{"href":"https:\/\/www.rivera.gub.uy\/social\/wp-json\/wp\/v2\/posts\/6423"}],"collection":[{"href":"https:\/\/www.rivera.gub.uy\/social\/wp-json\/wp\/v2\/posts"}],"about":[{"href":"https:\/\/www.rivera.gub.uy\/social\/wp-json\/wp\/v2\/types\/post"}],"author":[{"embeddable":true,"href":"https:\/\/www.rivera.gub.uy\/social\/wp-json\/wp\/v2\/users\/2"}],"replies":[{"embeddable":true,"href":"https:\/\/www.rivera.gub.uy\/social\/wp-json\/wp\/v2\/comments?post=6423"}],"version-history":[{"count":3,"href":"https:\/\/www.rivera.gub.uy\/social\/wp-json\/wp\/v2\/posts\/6423\/revisions"}],"predecessor-version":[{"id":6427,"href":"https:\/\/www.rivera.gub.uy\/social\/wp-json\/wp\/v2\/posts\/6423\/revisions\/6427"}],"wp:featuredmedia":[{"embeddable":true,"href":"https:\/\/www.rivera.gub.uy\/social\/wp-json\/wp\/v2\/media\/6426"}],"wp:attachment":[{"href":"https:\/\/www.rivera.gub.uy\/social\/wp-json\/wp\/v2\/media?parent=6423"}],"wp:term":[{"taxonomy":"category","embeddable":true,"href":"https:\/\/www.rivera.gub.uy\/social\/wp-json\/wp\/v2\/categories?post=6423"},{"taxonomy":"post_tag","embeddable":true,"href":"https:\/\/www.rivera.gub.uy\/social\/wp-json\/wp\/v2\/tags?post=6423"}],"curies":[{"name":"wp","href":"https:\/\/api.w.org\/{rel}","templated":true}]}}