{"id":6439,"date":"2021-06-16T17:39:18","date_gmt":"2021-06-16T17:39:18","guid":{"rendered":"https:\/\/www.rivera.gub.uy\/social\/?p=6439"},"modified":"2021-06-16T17:39:53","modified_gmt":"2021-06-16T17:39:53","slug":"ventanilla-abierta-2021","status":"publish","type":"post","link":"https:\/\/www.rivera.gub.uy\/social\/ventanilla-abierta-2021\/","title":{"rendered":"Ventanilla abierta 2021"},"content":{"rendered":"<p>El Instituto Nacional de Letras realizar\u00e1 una charla informativa virtual, este mi\u00e9rcoles 16 de junio, a las 19 horas, en el marco de \u00abVentanillas abiertas 2021\u00bb.<!--more--><\/p>\n<p>Ventanilla Abierta es un mecanismo de la Direcci\u00f3n Nacional de Cultura, que tiene como principal objetivo fomentar el desarrollo de las artes y las industrias culturales del pa\u00eds, a trav\u00e9s del apoyo econ\u00f3mico a proyectos art\u00edsticos y culturales.<\/p>\n<p>&nbsp;<\/p>\n<p>&nbsp;<\/p>\n<p>&nbsp;<\/p>\n<p>&nbsp;<\/p>\n","protected":false},"excerpt":{"rendered":"<p>El Instituto Nacional de Letras realizar\u00e1 una charla informativa virtual, este mi\u00e9rcoles 16 de junio, a las 19 horas, en el marco de \u00abVentanillas abiertas 2021\u00bb.<\/p>\n","protected":false},"author":2,"featured_media":6441,"comment_status":"open","ping_status":"open","sticky":false,"template":"","format":"standard","meta":{"footnotes":""},"categories":[8,1],"tags":[],"_links":{"self":[{"href":"https:\/\/www.rivera.gub.uy\/social\/wp-json\/wp\/v2\/posts\/6439"}],"collection":[{"href":"https:\/\/www.rivera.gub.uy\/social\/wp-json\/wp\/v2\/posts"}],"about":[{"href":"https:\/\/www.rivera.gub.uy\/social\/wp-json\/wp\/v2\/types\/post"}],"author":[{"embeddable":true,"href":"https:\/\/www.rivera.gub.uy\/social\/wp-json\/wp\/v2\/users\/2"}],"replies":[{"embeddable":true,"href":"https:\/\/www.rivera.gub.uy\/social\/wp-json\/wp\/v2\/comments?post=6439"}],"version-history":[{"count":2,"href":"https:\/\/www.rivera.gub.uy\/social\/wp-json\/wp\/v2\/posts\/6439\/revisions"}],"predecessor-version":[{"id":6442,"href":"https:\/\/www.rivera.gub.uy\/social\/wp-json\/wp\/v2\/posts\/6439\/revisions\/6442"}],"wp:featuredmedia":[{"embeddable":true,"href":"https:\/\/www.rivera.gub.uy\/social\/wp-json\/wp\/v2\/media\/6441"}],"wp:attachment":[{"href":"https:\/\/www.rivera.gub.uy\/social\/wp-json\/wp\/v2\/media?parent=6439"}],"wp:term":[{"taxonomy":"category","embeddable":true,"href":"https:\/\/www.rivera.gub.uy\/social\/wp-json\/wp\/v2\/categories?post=6439"},{"taxonomy":"post_tag","embeddable":true,"href":"https:\/\/www.rivera.gub.uy\/social\/wp-json\/wp\/v2\/tags?post=6439"}],"curies":[{"name":"wp","href":"https:\/\/api.w.org\/{rel}","templated":true}]}}