{"id":6458,"date":"2021-06-25T17:13:39","date_gmt":"2021-06-25T17:13:39","guid":{"rendered":"https:\/\/www.rivera.gub.uy\/social\/?p=6458"},"modified":"2021-06-25T17:14:26","modified_gmt":"2021-06-25T17:14:26","slug":"ciclo-de-charlas-jose-enrique-rodo","status":"publish","type":"post","link":"https:\/\/www.rivera.gub.uy\/social\/ciclo-de-charlas-jose-enrique-rodo\/","title":{"rendered":"Ciclo de charlas: Jos\u00e9 Enrique Rod\u00f3"},"content":{"rendered":"<p>La Direcci\u00f3n del Departamento de Educaci\u00f3n y Cultura realiza un ciclo de charlas, en el marco de los 150\u00b0 aniversario del nacimiento de Jos\u00e9 Enrique Rod\u00f3 (1871-1910), en donde se resalta su\u00a0faceta de escritor, ensayista, dirigente pol\u00edtico y periodista.<!--more--><\/p>\n<p><a href=\"https:\/\/www.rivera.gub.uy\/social\/wp-content\/uploads\/2021\/06\/WhatsApp-Image-2021-06-23-at-10.29.49-PM.jpeg\"><img loading=\"lazy\" decoding=\"async\" class=\"aligncenter wp-image-6461 size-medium\" src=\"https:\/\/www.rivera.gub.uy\/social\/wp-content\/uploads\/2021\/06\/WhatsApp-Image-2021-06-23-at-10.29.49-PM-300x300.jpeg\" alt=\"\" width=\"300\" height=\"300\" srcset=\"https:\/\/www.rivera.gub.uy\/social\/wp-content\/uploads\/2021\/06\/WhatsApp-Image-2021-06-23-at-10.29.49-PM-300x300.jpeg 300w, https:\/\/www.rivera.gub.uy\/social\/wp-content\/uploads\/2021\/06\/WhatsApp-Image-2021-06-23-at-10.29.49-PM-1024x1024.jpeg 1024w, https:\/\/www.rivera.gub.uy\/social\/wp-content\/uploads\/2021\/06\/WhatsApp-Image-2021-06-23-at-10.29.49-PM-150x150.jpeg 150w, https:\/\/www.rivera.gub.uy\/social\/wp-content\/uploads\/2021\/06\/WhatsApp-Image-2021-06-23-at-10.29.49-PM-768x768.jpeg 768w, https:\/\/www.rivera.gub.uy\/social\/wp-content\/uploads\/2021\/06\/WhatsApp-Image-2021-06-23-at-10.29.49-PM-1536x1536.jpeg 1536w, https:\/\/www.rivera.gub.uy\/social\/wp-content\/uploads\/2021\/06\/WhatsApp-Image-2021-06-23-at-10.29.49-PM-820x820.jpeg 820w, https:\/\/www.rivera.gub.uy\/social\/wp-content\/uploads\/2021\/06\/WhatsApp-Image-2021-06-23-at-10.29.49-PM.jpeg 1600w\" sizes=\"(max-width: 300px) 100vw, 300px\" \/><\/a><\/p>\n","protected":false},"excerpt":{"rendered":"<p>La Direcci\u00f3n del Departamento de Educaci\u00f3n y Cultura realiza un ciclo de charlas, en el marco de los 150\u00b0 aniversario del nacimiento de Jos\u00e9 Enrique Rod\u00f3 (1871-1910), en donde se resalta su\u00a0faceta de escritor, ensayista, dirigente pol\u00edtico y periodista.<\/p>\n","protected":false},"author":2,"featured_media":6460,"comment_status":"open","ping_status":"open","sticky":false,"template":"","format":"standard","meta":{"footnotes":""},"categories":[8,1],"tags":[58,38,346,17],"_links":{"self":[{"href":"https:\/\/www.rivera.gub.uy\/social\/wp-json\/wp\/v2\/posts\/6458"}],"collection":[{"href":"https:\/\/www.rivera.gub.uy\/social\/wp-json\/wp\/v2\/posts"}],"about":[{"href":"https:\/\/www.rivera.gub.uy\/social\/wp-json\/wp\/v2\/types\/post"}],"author":[{"embeddable":true,"href":"https:\/\/www.rivera.gub.uy\/social\/wp-json\/wp\/v2\/users\/2"}],"replies":[{"embeddable":true,"href":"https:\/\/www.rivera.gub.uy\/social\/wp-json\/wp\/v2\/comments?post=6458"}],"version-history":[{"count":1,"href":"https:\/\/www.rivera.gub.uy\/social\/wp-json\/wp\/v2\/posts\/6458\/revisions"}],"predecessor-version":[{"id":6462,"href":"https:\/\/www.rivera.gub.uy\/social\/wp-json\/wp\/v2\/posts\/6458\/revisions\/6462"}],"wp:featuredmedia":[{"embeddable":true,"href":"https:\/\/www.rivera.gub.uy\/social\/wp-json\/wp\/v2\/media\/6460"}],"wp:attachment":[{"href":"https:\/\/www.rivera.gub.uy\/social\/wp-json\/wp\/v2\/media?parent=6458"}],"wp:term":[{"taxonomy":"category","embeddable":true,"href":"https:\/\/www.rivera.gub.uy\/social\/wp-json\/wp\/v2\/categories?post=6458"},{"taxonomy":"post_tag","embeddable":true,"href":"https:\/\/www.rivera.gub.uy\/social\/wp-json\/wp\/v2\/tags?post=6458"}],"curies":[{"name":"wp","href":"https:\/\/api.w.org\/{rel}","templated":true}]}}