{"id":6503,"date":"2021-08-20T15:05:41","date_gmt":"2021-08-20T15:05:41","guid":{"rendered":"https:\/\/www.rivera.gub.uy\/social\/?p=6503"},"modified":"2021-08-20T15:05:45","modified_gmt":"2021-08-20T15:05:45","slug":"lanzamiento-del-libro-myself","status":"publish","type":"post","link":"https:\/\/www.rivera.gub.uy\/social\/lanzamiento-del-libro-myself\/","title":{"rendered":"Lanzamiento del libro Myself"},"content":{"rendered":"<p>El pr\u00f3ximo viernes 27 de agosto, a las 14:00 horas, se llevar\u00e1 a cabo el lanzamiento del libro Myself de Natalia Stelmaj.<\/p>\n<p><!--more--><\/p>\n<p>El evento tendr\u00e1 lugar en <strong>Biblioteca Artigas<\/strong> y adem\u00e1s ser\u00e1 transmitido a trav\u00e9s de <a href=\"https:\/\/www.facebook.com\/IntendenciaRivera\/\">Facebook Live<\/a>.<\/p>\n","protected":false},"excerpt":{"rendered":"<p>El pr\u00f3ximo viernes 27 de agosto, a las 14:00 horas, se llevar\u00e1 a cabo el lanzamiento del libro Myself de Natalia Stelmaj.<\/p>\n","protected":false},"author":2,"featured_media":6504,"comment_status":"open","ping_status":"open","sticky":false,"template":"","format":"standard","meta":{"footnotes":""},"categories":[8,1],"tags":[38,17],"_links":{"self":[{"href":"https:\/\/www.rivera.gub.uy\/social\/wp-json\/wp\/v2\/posts\/6503"}],"collection":[{"href":"https:\/\/www.rivera.gub.uy\/social\/wp-json\/wp\/v2\/posts"}],"about":[{"href":"https:\/\/www.rivera.gub.uy\/social\/wp-json\/wp\/v2\/types\/post"}],"author":[{"embeddable":true,"href":"https:\/\/www.rivera.gub.uy\/social\/wp-json\/wp\/v2\/users\/2"}],"replies":[{"embeddable":true,"href":"https:\/\/www.rivera.gub.uy\/social\/wp-json\/wp\/v2\/comments?post=6503"}],"version-history":[{"count":1,"href":"https:\/\/www.rivera.gub.uy\/social\/wp-json\/wp\/v2\/posts\/6503\/revisions"}],"predecessor-version":[{"id":6505,"href":"https:\/\/www.rivera.gub.uy\/social\/wp-json\/wp\/v2\/posts\/6503\/revisions\/6505"}],"wp:featuredmedia":[{"embeddable":true,"href":"https:\/\/www.rivera.gub.uy\/social\/wp-json\/wp\/v2\/media\/6504"}],"wp:attachment":[{"href":"https:\/\/www.rivera.gub.uy\/social\/wp-json\/wp\/v2\/media?parent=6503"}],"wp:term":[{"taxonomy":"category","embeddable":true,"href":"https:\/\/www.rivera.gub.uy\/social\/wp-json\/wp\/v2\/categories?post=6503"},{"taxonomy":"post_tag","embeddable":true,"href":"https:\/\/www.rivera.gub.uy\/social\/wp-json\/wp\/v2\/tags?post=6503"}],"curies":[{"name":"wp","href":"https:\/\/api.w.org\/{rel}","templated":true}]}}