{"id":6534,"date":"2021-09-01T12:29:31","date_gmt":"2021-09-01T12:29:31","guid":{"rendered":"https:\/\/www.rivera.gub.uy\/social\/?p=6534"},"modified":"2021-09-06T12:39:32","modified_gmt":"2021-09-06T12:39:32","slug":"programa-de-formacion-de-formadores","status":"publish","type":"post","link":"https:\/\/www.rivera.gub.uy\/social\/programa-de-formacion-de-formadores\/","title":{"rendered":"Programa de Formaci\u00f3n de Formadores"},"content":{"rendered":"<p><a href=\"https:\/\/sodre.gub.uy\/2021\/08\/10\/formacion-de-formadores-y-escuela-nacional-de-musica\/\" target=\"_blank\" rel=\"noopener noreferrer\">\u00abFormaci\u00f3n de Formadores\u00bb<\/a> busca relevar las personas interesadas en recibir el apoyo del SODRE en capacitaci\u00f3n para reafirmar sus saberes y potenciar su desarrollo formativo. Con la finalidad de realizar un plan de estudios a la medida de las necesidades de los formadores en territorio.<!--more--><\/p>\n<p>El relevamiento estar\u00e1 disponible hasta el d\u00eda 10 de setiembre.<\/p>\n<p>La iniciativa busca ofrecer un programa de formaci\u00f3n de car\u00e1cter nacional que reconozca los trayectos profesionales de docentes de todo el territorio especializados en danzas, m\u00fasica vocal e instrumental. De esta forma el SODRE procura llegar a la mayor cantidad posible de formadores que desarrollen sus tareas en territorio y capacitarlos de acuerdo a los est\u00e1ndares de la instituci\u00f3n.<\/p>\n<p>A trav\u00e9s de esta herramienta se trabajar\u00e1 para que los estudiantes puedan desarrollar sus trayectorias educativas en sus localidades, con los formadores asentados en cada territorio.<\/p>\n<p>La formaci\u00f3n en territorio es un pilar fundamental de la descentralizaci\u00f3n y de la democratizaci\u00f3n de la cultura y constituye un eje primordial de nuestra planificaci\u00f3n estrat\u00e9gica.<\/p>\n<p>Inscripciones abiertas desde el 09\/08\/2021 hasta 10\/09\/2021 a las 23:59 .<br \/>\nPara inscribirse es preciso tener una cuenta y estar logueado en la plataforma Cultura en Linea (<a href=\"https:\/\/culturaenlinea.uy\/opportunity\/single\/1081\/\" target=\"_blank\" rel=\"noopener noreferrer\">click aqu\u00ed<\/a>)<\/p>\n<p>&nbsp;<\/p>\n<p>Por cualquier consulta dirigirse a <a href=\"mailto:gestionterritorial@sodre.gub.uy\">gestionterritorial@sodre.gub.uy<\/a> en el horario de atenci\u00f3n de lunes a viernes entre las 12.00 y 16.00 hs.<\/p>\n<p>&nbsp;<\/p>\n","protected":false},"excerpt":{"rendered":"<p>\u00abFormaci\u00f3n de Formadores\u00bb busca relevar las personas interesadas en recibir el apoyo del SODRE en capacitaci\u00f3n para reafirmar sus saberes y potenciar su desarrollo formativo. Con la finalidad de realizar un plan de estudios a la medida de las necesidades de los formadores en territorio.<\/p>\n","protected":false},"author":2,"featured_media":6535,"comment_status":"open","ping_status":"open","sticky":false,"template":"","format":"standard","meta":{"footnotes":""},"categories":[8,1],"tags":[],"_links":{"self":[{"href":"https:\/\/www.rivera.gub.uy\/social\/wp-json\/wp\/v2\/posts\/6534"}],"collection":[{"href":"https:\/\/www.rivera.gub.uy\/social\/wp-json\/wp\/v2\/posts"}],"about":[{"href":"https:\/\/www.rivera.gub.uy\/social\/wp-json\/wp\/v2\/types\/post"}],"author":[{"embeddable":true,"href":"https:\/\/www.rivera.gub.uy\/social\/wp-json\/wp\/v2\/users\/2"}],"replies":[{"embeddable":true,"href":"https:\/\/www.rivera.gub.uy\/social\/wp-json\/wp\/v2\/comments?post=6534"}],"version-history":[{"count":1,"href":"https:\/\/www.rivera.gub.uy\/social\/wp-json\/wp\/v2\/posts\/6534\/revisions"}],"predecessor-version":[{"id":6536,"href":"https:\/\/www.rivera.gub.uy\/social\/wp-json\/wp\/v2\/posts\/6534\/revisions\/6536"}],"wp:featuredmedia":[{"embeddable":true,"href":"https:\/\/www.rivera.gub.uy\/social\/wp-json\/wp\/v2\/media\/6535"}],"wp:attachment":[{"href":"https:\/\/www.rivera.gub.uy\/social\/wp-json\/wp\/v2\/media?parent=6534"}],"wp:term":[{"taxonomy":"category","embeddable":true,"href":"https:\/\/www.rivera.gub.uy\/social\/wp-json\/wp\/v2\/categories?post=6534"},{"taxonomy":"post_tag","embeddable":true,"href":"https:\/\/www.rivera.gub.uy\/social\/wp-json\/wp\/v2\/tags?post=6534"}],"curies":[{"name":"wp","href":"https:\/\/api.w.org\/{rel}","templated":true}]}}