{"id":6650,"date":"2022-01-11T17:37:39","date_gmt":"2022-01-11T17:37:39","guid":{"rendered":"https:\/\/www.rivera.gub.uy\/social\/?p=6650"},"modified":"2022-01-11T17:37:39","modified_gmt":"2022-01-11T17:37:39","slug":"capacitacion-para-iluminador-a","status":"publish","type":"post","link":"https:\/\/www.rivera.gub.uy\/social\/capacitacion-para-iluminador-a\/","title":{"rendered":"Capacitaci\u00f3n para iluminador\/a"},"content":{"rendered":"<p>Hasta el 25 de febrero se encuentran abiertas las inscripciones para curso de iluminador\/a, que inicia en abril de 2022.<\/p>\n<p>La convocatoria est\u00e1 dirigida a personas que buscan inserci\u00f3n laboral en el sector o cuenten con hasta dos a\u00f1os de experiencia, fundamentalmente a las que se encuentran desempleadas. Deber\u00e1n ser mayores de 18 a\u00f1os y haber finalizado ciclo b\u00e1sico.<!--more--><\/p>\n<p><strong>Los cursos<\/strong><\/p>\n<p>No tienen costo para los participantes y se prev\u00e9 su traslado en las instancias presenciales de capacitaci\u00f3n.<br \/>\nSe impartir\u00e1n conceptos b\u00e1sicos e intermedios para operar la iluminaci\u00f3n de un espect\u00e1culo en tres cursos. Cada uno tendr\u00e1 una carga horaria de 30 horas, distribuidas en seis semanas de clases te\u00f3rico-pr\u00e1cticas y semipresenciales. Se realizar\u00e1n en todo el territorio nacional (se dispone de un espacio de capacitaci\u00f3n para cada regi\u00f3n).<\/p>\n<p>Fecha inicio de los cursos: abril de 2022<\/p>\n<p>Postulaci\u00f3n<br \/>\nSe debe completar <a href=\"https:\/\/forms.office.com\/pages\/responsepage.aspx?id=lTuvvnsMZ0SXOQebKIOfQDREIpNWB0ZFh4pBg4s-gMZUMUVUVElIMVZTSTYxN09aMDE1RFZOV0hONS4u\" target=\"_blank\" rel=\"noopener noreferrer\">este formulario<\/a>.<\/p>\n<p>Plazos de inscripci\u00f3n<br \/>\nDel 23 de diciembre de 2021 al 25 de febrero de 2022<\/p>\n<p>Esta convocatoria es parte de las acciones enmarcadas en el convenio entre Inefop, MEC y el colectivo Uruguay Ilumina para avanzar en la capacitaci\u00f3n y profesionalizaci\u00f3n de los iluminadores uruguayos. La Direcci\u00f3n Nacional de Cultura, a trav\u00e9s de su Departamento de Industrias Creativas, invita a inscribirse.<\/p>\n<p>&nbsp;<\/p>\n<p><a href=\"https:\/\/www.rivera.gub.uy\/social\/wp-content\/uploads\/2022\/01\/Afiche-Iluminadores.pdf\">Capacitaci\u00f3n para iluminador\/a (.pdf 512 KB)<\/a><\/p>\n","protected":false},"excerpt":{"rendered":"<p>Hasta el 25 de febrero se encuentran abiertas las inscripciones para curso de iluminador\/a, que inicia en abril de 2022. La convocatoria est\u00e1 dirigida a personas que buscan inserci\u00f3n laboral en el sector o cuenten con hasta dos a\u00f1os de experiencia, fundamentalmente a las que se encuentran desempleadas. Deber\u00e1n ser mayores de 18 a\u00f1os y [&hellip;]<\/p>\n","protected":false},"author":2,"featured_media":6652,"comment_status":"open","ping_status":"open","sticky":false,"template":"","format":"standard","meta":{"footnotes":""},"categories":[8,1,7],"tags":[],"_links":{"self":[{"href":"https:\/\/www.rivera.gub.uy\/social\/wp-json\/wp\/v2\/posts\/6650"}],"collection":[{"href":"https:\/\/www.rivera.gub.uy\/social\/wp-json\/wp\/v2\/posts"}],"about":[{"href":"https:\/\/www.rivera.gub.uy\/social\/wp-json\/wp\/v2\/types\/post"}],"author":[{"embeddable":true,"href":"https:\/\/www.rivera.gub.uy\/social\/wp-json\/wp\/v2\/users\/2"}],"replies":[{"embeddable":true,"href":"https:\/\/www.rivera.gub.uy\/social\/wp-json\/wp\/v2\/comments?post=6650"}],"version-history":[{"count":1,"href":"https:\/\/www.rivera.gub.uy\/social\/wp-json\/wp\/v2\/posts\/6650\/revisions"}],"predecessor-version":[{"id":6653,"href":"https:\/\/www.rivera.gub.uy\/social\/wp-json\/wp\/v2\/posts\/6650\/revisions\/6653"}],"wp:featuredmedia":[{"embeddable":true,"href":"https:\/\/www.rivera.gub.uy\/social\/wp-json\/wp\/v2\/media\/6652"}],"wp:attachment":[{"href":"https:\/\/www.rivera.gub.uy\/social\/wp-json\/wp\/v2\/media?parent=6650"}],"wp:term":[{"taxonomy":"category","embeddable":true,"href":"https:\/\/www.rivera.gub.uy\/social\/wp-json\/wp\/v2\/categories?post=6650"},{"taxonomy":"post_tag","embeddable":true,"href":"https:\/\/www.rivera.gub.uy\/social\/wp-json\/wp\/v2\/tags?post=6650"}],"curies":[{"name":"wp","href":"https:\/\/api.w.org\/{rel}","templated":true}]}}