{"id":6816,"date":"2022-09-27T12:33:42","date_gmt":"2022-09-27T12:33:42","guid":{"rendered":"https:\/\/www.rivera.gub.uy\/social\/?p=6816"},"modified":"2022-10-07T16:08:22","modified_gmt":"2022-10-07T16:08:22","slug":"talleres-cancer-de-mama","status":"publish","type":"post","link":"https:\/\/www.rivera.gub.uy\/social\/talleres-cancer-de-mama\/","title":{"rendered":"Talleres sobre prevenci\u00f3n de c\u00e1ncer de mama"},"content":{"rendered":"<p>En el marco del \u00abD\u00eda Internacional de la lucha contra el c\u00e1ncer de mama\u00bb, la oficina de Equidad y G\u00e9nero en conjunto con la oficina Gesti\u00f3n Territorial, realizan el lanzamiento del \u00abTaller sobre prevenci\u00f3n de c\u00e1ncer de mama\u00bb.<\/p>\n<p>Dichos talleres ser\u00e1n brindados por la Comisi\u00f3n Honoraria de Lucha contra el C\u00e1ncer (CHLCC) en diferentes centros barriales, a lo largo del mes.<\/p>\n<p><!--more--><\/p>\n<p>El evento tendr\u00e1 lugar el d\u00eda lunes 5 de octubre, a las 13:30 horas, en el Centro Barrial La Virgencita.<\/p>\n<p>Cronograma:<\/p>\n<ul>\n<li>5\/10 &#8211; CC.BB.\u00a0 La Virgencita, 13:30 horas.<\/li>\n<li>11\/10 &#8211; CC.BB.\u00a0 La Hormiga, 10:00 horas.<\/li>\n<li>11\/10 &#8211; CC.BB.\u00a0 La Estiba, 14:00 horas.<\/li>\n<li>14\/10 &#8211; CC.BB.\u00a0 Sonia, 14:00 horas.<\/li>\n<li>18\/10 &#8211; CC.BB.\u00a0 Progreso, 14:00 horas.<\/li>\n<li>21\/10 &#8211; CC.BB.\u00a0 Recreo, 15:00 horas.<\/li>\n<\/ul>\n<p>&nbsp;<\/p>\n<p>&nbsp;<\/p>\n","protected":false},"excerpt":{"rendered":"<p>En el marco del \u00abD\u00eda Internacional de la lucha contra el c\u00e1ncer de mama\u00bb, la oficina de Equidad y G\u00e9nero en conjunto con la oficina Gesti\u00f3n Territorial, realizan el lanzamiento del \u00abTaller sobre prevenci\u00f3n de c\u00e1ncer de mama\u00bb. Dichos talleres ser\u00e1n brindados por la Comisi\u00f3n Honoraria de Lucha contra el C\u00e1ncer (CHLCC) en diferentes centros [&hellip;]<\/p>\n","protected":false},"author":2,"featured_media":6817,"comment_status":"open","ping_status":"open","sticky":false,"template":"","format":"standard","meta":{"footnotes":""},"categories":[6,1],"tags":[],"_links":{"self":[{"href":"https:\/\/www.rivera.gub.uy\/social\/wp-json\/wp\/v2\/posts\/6816"}],"collection":[{"href":"https:\/\/www.rivera.gub.uy\/social\/wp-json\/wp\/v2\/posts"}],"about":[{"href":"https:\/\/www.rivera.gub.uy\/social\/wp-json\/wp\/v2\/types\/post"}],"author":[{"embeddable":true,"href":"https:\/\/www.rivera.gub.uy\/social\/wp-json\/wp\/v2\/users\/2"}],"replies":[{"embeddable":true,"href":"https:\/\/www.rivera.gub.uy\/social\/wp-json\/wp\/v2\/comments?post=6816"}],"version-history":[{"count":7,"href":"https:\/\/www.rivera.gub.uy\/social\/wp-json\/wp\/v2\/posts\/6816\/revisions"}],"predecessor-version":[{"id":6871,"href":"https:\/\/www.rivera.gub.uy\/social\/wp-json\/wp\/v2\/posts\/6816\/revisions\/6871"}],"wp:featuredmedia":[{"embeddable":true,"href":"https:\/\/www.rivera.gub.uy\/social\/wp-json\/wp\/v2\/media\/6817"}],"wp:attachment":[{"href":"https:\/\/www.rivera.gub.uy\/social\/wp-json\/wp\/v2\/media?parent=6816"}],"wp:term":[{"taxonomy":"category","embeddable":true,"href":"https:\/\/www.rivera.gub.uy\/social\/wp-json\/wp\/v2\/categories?post=6816"},{"taxonomy":"post_tag","embeddable":true,"href":"https:\/\/www.rivera.gub.uy\/social\/wp-json\/wp\/v2\/tags?post=6816"}],"curies":[{"name":"wp","href":"https:\/\/api.w.org\/{rel}","templated":true}]}}