{"id":709,"date":"2017-08-25T00:03:12","date_gmt":"2017-08-25T00:03:12","guid":{"rendered":"http:\/\/rivera.gub.uy\/social\/?p=709"},"modified":"2017-09-04T12:27:25","modified_gmt":"2017-09-04T12:27:25","slug":"709-2","status":"publish","type":"post","link":"https:\/\/www.rivera.gub.uy\/social\/709-2\/","title":{"rendered":"La\u00a0Selecci\u00f3n de Handball de Rivera competir\u00e1 el en campeonato de mayor nivel del pa\u00eds."},"content":{"rendered":"<p>Seguimos haciendo historia en el deporte de nuestro departamento.<br \/>\nSelecci\u00f3n de Handball de Rivera competir\u00e1 el en campeonato de mayor nivel del pa\u00eds.<!--more--><\/p>\n<p>A nivel nacional, Rivera viene ha logrado importantes conquistas cuando a Handball refiere, empezando por el ininterrumpido trabajo de Gustavo Laclau con el apoyo de colaboradores, padres y de la Intendencia Departamental, vienen compitiendo a nivel de Montevideo en \u00a0tres categor\u00edas femenino y masculino sub 23 en la liga AVT. Debido a los resultados y a todo el proceso del trabajo con la desde la iniciaci\u00f3n del proyecto con la Federaci\u00f3n Uruguaya de Handball, Rivera fue invitado a participar del Campeonato Federal de Mayores, hecho hist\u00f3rico ya por primera vez un cuadro del interior participa de dicho campeonato. Sin lugar a dudas avanzamos un paso m\u00e1s en el deporte competitivo federado y \u00e9ste domingo la Selecci\u00f3n de Rivera debuta en el m\u00e1s alto nivel competitivo del pa\u00eds.<\/p>\n<p>\u00c9sta ma\u00f1ana el Director General de Promoci\u00f3n y Acci\u00f3n Social, Cr. Giovani Conti y el Coordinador de la Direcci\u00f3n General de Promoci\u00f3n y Acci\u00f3n Social y Director de Deportes, Porf. Horacio Hern\u00e1ndez, le hicieron la entrega de la bandera de Rivera a los representantes de la Selecci\u00f3n.<\/p>\n<div id='gallery-1' class='gallery galleryid-709 gallery-columns-4 gallery-size-thumbnail'><figure class='gallery-item'>\n\t\t\t<div class='gallery-icon landscape'>\n\t\t\t\t<a href='https:\/\/www.rivera.gub.uy\/social\/wp-content\/uploads\/2017\/08\/21013875_1793098134051629_4900428967207889313_o.jpg'><img loading=\"lazy\" decoding=\"async\" width=\"150\" height=\"150\" src=\"https:\/\/www.rivera.gub.uy\/social\/wp-content\/uploads\/2017\/08\/21013875_1793098134051629_4900428967207889313_o-150x150.jpg\" class=\"attachment-thumbnail size-thumbnail\" alt=\"\" \/><\/a>\n\t\t\t<\/div><\/figure><figure class='gallery-item'>\n\t\t\t<div class='gallery-icon landscape'>\n\t\t\t\t<a href='https:\/\/www.rivera.gub.uy\/social\/wp-content\/uploads\/2017\/08\/20992906_1793098137384962_8370437211556417288_n.jpg'><img loading=\"lazy\" decoding=\"async\" width=\"150\" height=\"150\" src=\"https:\/\/www.rivera.gub.uy\/social\/wp-content\/uploads\/2017\/08\/20992906_1793098137384962_8370437211556417288_n-150x150.jpg\" class=\"attachment-thumbnail size-thumbnail\" alt=\"\" \/><\/a>\n\t\t\t<\/div><\/figure><figure class='gallery-item'>\n\t\t\t<div class='gallery-icon landscape'>\n\t\t\t\t<a href='https:\/\/www.rivera.gub.uy\/social\/wp-content\/uploads\/2017\/08\/IMG-20170822-WA0010.jpg'><img loading=\"lazy\" decoding=\"async\" width=\"150\" height=\"150\" src=\"https:\/\/www.rivera.gub.uy\/social\/wp-content\/uploads\/2017\/08\/IMG-20170822-WA0010-150x150.jpg\" class=\"attachment-thumbnail size-thumbnail\" alt=\"\" \/><\/a>\n\t\t\t<\/div><\/figure><figure class='gallery-item'>\n\t\t\t<div class='gallery-icon landscape'>\n\t\t\t\t<a href='https:\/\/www.rivera.gub.uy\/social\/wp-content\/uploads\/2017\/08\/IMG-20170822-WA0009.jpg'><img loading=\"lazy\" decoding=\"async\" width=\"150\" height=\"150\" src=\"https:\/\/www.rivera.gub.uy\/social\/wp-content\/uploads\/2017\/08\/IMG-20170822-WA0009-150x150.jpg\" class=\"attachment-thumbnail size-thumbnail\" alt=\"\" \/><\/a>\n\t\t\t<\/div><\/figure>\n\t\t<\/div>\n\n","protected":false},"excerpt":{"rendered":"<p>Seguimos haciendo historia en el deporte de nuestro departamento. Selecci\u00f3n de Handball de Rivera competir\u00e1 el en campeonato de mayor nivel del pa\u00eds.<\/p>\n","protected":false},"author":4,"featured_media":713,"comment_status":"open","ping_status":"open","sticky":false,"template":"","format":"standard","meta":{"footnotes":""},"categories":[5,1],"tags":[12,76,38,17],"_links":{"self":[{"href":"https:\/\/www.rivera.gub.uy\/social\/wp-json\/wp\/v2\/posts\/709"}],"collection":[{"href":"https:\/\/www.rivera.gub.uy\/social\/wp-json\/wp\/v2\/posts"}],"about":[{"href":"https:\/\/www.rivera.gub.uy\/social\/wp-json\/wp\/v2\/types\/post"}],"author":[{"embeddable":true,"href":"https:\/\/www.rivera.gub.uy\/social\/wp-json\/wp\/v2\/users\/4"}],"replies":[{"embeddable":true,"href":"https:\/\/www.rivera.gub.uy\/social\/wp-json\/wp\/v2\/comments?post=709"}],"version-history":[{"count":6,"href":"https:\/\/www.rivera.gub.uy\/social\/wp-json\/wp\/v2\/posts\/709\/revisions"}],"predecessor-version":[{"id":941,"href":"https:\/\/www.rivera.gub.uy\/social\/wp-json\/wp\/v2\/posts\/709\/revisions\/941"}],"wp:featuredmedia":[{"embeddable":true,"href":"https:\/\/www.rivera.gub.uy\/social\/wp-json\/wp\/v2\/media\/713"}],"wp:attachment":[{"href":"https:\/\/www.rivera.gub.uy\/social\/wp-json\/wp\/v2\/media?parent=709"}],"wp:term":[{"taxonomy":"category","embeddable":true,"href":"https:\/\/www.rivera.gub.uy\/social\/wp-json\/wp\/v2\/categories?post=709"},{"taxonomy":"post_tag","embeddable":true,"href":"https:\/\/www.rivera.gub.uy\/social\/wp-json\/wp\/v2\/tags?post=709"}],"curies":[{"name":"wp","href":"https:\/\/api.w.org\/{rel}","templated":true}]}}