{"id":720,"date":"2017-08-28T12:09:04","date_gmt":"2017-08-28T12:09:04","guid":{"rendered":"http:\/\/rivera.gub.uy\/social\/?p=720"},"modified":"2017-09-04T12:23:13","modified_gmt":"2017-09-04T12:23:13","slug":"3-riverenses-citados-a-integrar-la-seleccion-del-interior-de-rugby","status":"publish","type":"post","link":"https:\/\/www.rivera.gub.uy\/social\/3-riverenses-citados-a-integrar-la-seleccion-del-interior-de-rugby\/","title":{"rendered":"3 riverenses citados a integrar la Selecci\u00f3n del Interior de Rugby"},"content":{"rendered":"<div class=\"\">\n<div class=\"_1mf _1mj\">3 jugadores riverenses \u00a0del plantel de la categor\u00eda menores de 16 de Arlequines Rugby Club, fueron citados para formar parte del proceso de selecci\u00f3n 2017 del interior que cuenta con 64 integrantes provenientes de clubes de todo el interior del pa\u00eds; el proceso es dirigido por el Sr. Martin Mendaro, coach de la Uni\u00f3n de Rugby del Uruguay. Nuestros integrantes son Federico Bottino, Lucas Mattos y Federico Soto tres grandes valores del club, que van a tener la responsabilidad de representarnos en esta instancia y a los cuales les deseamos el mayor de los \u00e9xitos, esperamos que les sirva como lecci\u00f3n para seguir creciendo, no solo como jugadores sino que tambi\u00e9n como personas.<\/div>\n<\/div>\n<p><!--more--><\/p>\n<div class=\"\">\n<div class=\"_1mf _1mj\">Los jugadores citados deber\u00e1n presentarse en el Club Tr\u00e9bol de Paysand\u00fa el s\u00e1bado 26 de Agosto, su llegada est\u00e1 marcada para las 15:00 horas, las actividades de entrenamiento se llevaran a cabo el d\u00eda domingo 27 de Agosto por la ma\u00f1ana y por la tarde, culminando con una merienda y despedida que iniciara a las 16:30 de dicho d\u00eda. Esta ser\u00e1 una excelente oportunidad de aprendizaje en la que los jugadores recibir\u00e1n apoyo t\u00e9cnico, f\u00edsico y nutricional, teniendo un primer contacto con un sistema de entrenamiento que permitir\u00e1 ganar experiencia y que aportar\u00e1 sin duda a los aspectos de responsabilidad, compromiso e involucramiento con los dem\u00e1s jugadores de otros clubes para en un futuro representar un seleccionado nacional.<\/div>\n<\/div>\n","protected":false},"excerpt":{"rendered":"<p>3 jugadores riverenses \u00a0del plantel de la categor\u00eda menores de 16 de Arlequines Rugby Club, fueron citados para formar parte del proceso de selecci\u00f3n 2017 del interior que cuenta con 64 integrantes provenientes de clubes de todo el interior del pa\u00eds; el proceso es dirigido por el Sr. Martin Mendaro, coach de la Uni\u00f3n de [&hellip;]<\/p>\n","protected":false},"author":4,"featured_media":721,"comment_status":"open","ping_status":"open","sticky":false,"template":"","format":"standard","meta":{"footnotes":""},"categories":[5,1,7],"tags":[12,38,17,75],"_links":{"self":[{"href":"https:\/\/www.rivera.gub.uy\/social\/wp-json\/wp\/v2\/posts\/720"}],"collection":[{"href":"https:\/\/www.rivera.gub.uy\/social\/wp-json\/wp\/v2\/posts"}],"about":[{"href":"https:\/\/www.rivera.gub.uy\/social\/wp-json\/wp\/v2\/types\/post"}],"author":[{"embeddable":true,"href":"https:\/\/www.rivera.gub.uy\/social\/wp-json\/wp\/v2\/users\/4"}],"replies":[{"embeddable":true,"href":"https:\/\/www.rivera.gub.uy\/social\/wp-json\/wp\/v2\/comments?post=720"}],"version-history":[{"count":3,"href":"https:\/\/www.rivera.gub.uy\/social\/wp-json\/wp\/v2\/posts\/720\/revisions"}],"predecessor-version":[{"id":938,"href":"https:\/\/www.rivera.gub.uy\/social\/wp-json\/wp\/v2\/posts\/720\/revisions\/938"}],"wp:featuredmedia":[{"embeddable":true,"href":"https:\/\/www.rivera.gub.uy\/social\/wp-json\/wp\/v2\/media\/721"}],"wp:attachment":[{"href":"https:\/\/www.rivera.gub.uy\/social\/wp-json\/wp\/v2\/media?parent=720"}],"wp:term":[{"taxonomy":"category","embeddable":true,"href":"https:\/\/www.rivera.gub.uy\/social\/wp-json\/wp\/v2\/categories?post=720"},{"taxonomy":"post_tag","embeddable":true,"href":"https:\/\/www.rivera.gub.uy\/social\/wp-json\/wp\/v2\/tags?post=720"}],"curies":[{"name":"wp","href":"https:\/\/api.w.org\/{rel}","templated":true}]}}