{"id":724,"date":"2017-08-28T12:28:22","date_gmt":"2017-08-28T12:28:22","guid":{"rendered":"http:\/\/rivera.gub.uy\/social\/?p=724"},"modified":"2017-09-04T12:22:29","modified_gmt":"2017-09-04T12:22:29","slug":"724-2","status":"publish","type":"post","link":"https:\/\/www.rivera.gub.uy\/social\/724-2\/","title":{"rendered":"Noticias Arlequines Rugby Club"},"content":{"rendered":"<p align=\"JUSTIFY\"><span style=\"font-family: 'Arial Narrow', serif;\"><span style=\"font-size: medium;\">La \u00faltima fecha disputada del campeonato del interior correspondiente a la decimosegunda fecha del campeonato, la cual se llev\u00f3 a cabo en la ciudad de Young, departamento de R\u00edo Negro, el pasado 6 de Agosto del corriente frente al equipo de Toros de dicha ciudad. Arlequines Rugby Club viaj\u00f3 con un plantel de mayores compuesto de 23 jugadores de los cuales aproximadamente la mitad viajaron desde Rivera y la otra mitad desde Montevideo, por encontrarse viviendo en la capital y con la categor\u00eda M17 que disput\u00f3 el partido de primera hora, cayendo por 2 trys de diferencia frente al local, en un partido parejo pero con muchos errores de reposicionamiento en defensa y manejo del juego de los riverenses.<\/span><\/span><!--more--><\/p>\n<p align=\"JUSTIFY\"><span style=\"font-family: 'Arial Narrow', serif;\"><span style=\"font-size: medium;\">Con relaci\u00f3n al partido de mayores, el primer tiempo fue muy parejo con muchos errores de manejo de pelota por parte de ambos equipos, terminando con un resultado parcial de 10 a 5 a favor de Arlequines. <\/span><\/span><\/p>\n<p align=\"JUSTIFY\"><span style=\"font-family: 'Arial Narrow', serif;\"><span style=\"font-size: medium;\">En el entretiempo se habl\u00f3 con los jugadores para que corrigieran estos errores, especialmente se les pidi\u00f3 que cuidaran m\u00e1s la tenencia del bal\u00f3n, evitando realizar \u201cknock on\u201d (es cuando se les cae la pelota hacia adelante y como penalidad se invierte la posesi\u00f3n de bal\u00f3n) que hab\u00edan sido muchos en el primer tiempo, as\u00ed mismo se pidi\u00f3 que se corrigiera el reposicionamiento en defensa y que se evitara ir al \u201clineout\u201d (salida de lateral) porque no est\u00e1bamos trabajando de la mejor manera dichas formaciones. Fruto de esta charla t\u00e9cnica, correctamente llevada a la pr\u00e1ctica por los jugadores, el segundo tiempo transcurri\u00f3 con mayor tranquilidad, el equipo local no pudo convertir m\u00e1s puntos y nuestro equipo anotando un try, una conversi\u00f3n y un penaltietry (try penal) pudo sacar una ventaja definitiva de 24 a 5 en el marcador.<\/span><\/span><\/p>\n<p align=\"JUSTIFY\"><span style=\"font-family: 'Arial Narrow', serif;\"><span style=\"font-size: medium;\"><b>LO QUE SE VIENE&#8230;<\/b><\/span><\/span><\/p>\n<p align=\"JUSTIFY\"><span style=\"font-family: 'Arial Narrow', serif;\"><span style=\"font-size: medium;\">Ya estamos pensando en las dos \u00faltimas fechas que son decisorias para saber si vamos a disputar la final del campeonato. El pr\u00f3ximo encuentro nos medimos contra el equipo de Juventud de Las Piedras en Canelones y la fecha siguiente definimos la clasificaci\u00f3n a la final en casa contra, el hasta ahora puntero del campeonato, Indios de Mercedes. Es fundamental la pr\u00f3xima fecha ya que adem\u00e1s de contar con nuestro encuentro, tambi\u00e9n juegan entre si el primero (Indios con 50 puntos) y segundo (La Olla con 49) colocados del campeonato; Arlequines se ubica en el tercer lugar de la tabla con 49 puntos, pero con menos victorias que el equipo de La Olla, por lo cual si logramos la victoria ante Juventud de las Piedras podr\u00edamos pasar a ser segundos o primeros colocados dependiendo del resultado del otro partido y con el plus de definir, como ya se dijo, el pase a la final frente a nuestra gente en Rivera contra Indios de Mercedes.<\/span><\/span><\/p>\n<p align=\"JUSTIFY\"><span style=\"font-family: 'Arial Narrow', serif;\"><span style=\"font-size: medium;\"><b>NUEVAS CATEGOR\u00cdAS&#8230;<\/b><\/span><\/span><\/p>\n<p><a name=\"_GoBack\"><\/a><span style=\"font-family: 'Arial Narrow', serif;\"><span style=\"font-size: medium;\">Finalmente tenemos el agrado de informarles que pr\u00f3ximamente se formaran las categor\u00edas M10, M13 y M15, por lo que invitamos a todos los j\u00f3venes que quieran acercarse a hacer parte de esta familia. Seguimos trabajando para mejorar y tratar de seguir por la senda ganadora! con el compromiso de todos! las cosas est\u00e1n saliendo. Esto es un proceso que siempre tiene que apuntar hacia arriba!!!<\/span><\/span><\/p>\n<div id='gallery-1' class='gallery galleryid-724 gallery-columns-6 gallery-size-thumbnail'><figure class='gallery-item'>\n\t\t\t<div class='gallery-icon landscape'>\n\t\t\t\t<a href='https:\/\/www.rivera.gub.uy\/social\/wp-content\/uploads\/2017\/08\/IMG_1181.jpg'><img loading=\"lazy\" decoding=\"async\" width=\"150\" height=\"150\" src=\"https:\/\/www.rivera.gub.uy\/social\/wp-content\/uploads\/2017\/08\/IMG_1181-150x150.jpg\" class=\"attachment-thumbnail size-thumbnail\" alt=\"\" \/><\/a>\n\t\t\t<\/div><\/figure><figure class='gallery-item'>\n\t\t\t<div class='gallery-icon landscape'>\n\t\t\t\t<a href='https:\/\/www.rivera.gub.uy\/social\/wp-content\/uploads\/2017\/08\/IMG_1180.jpg'><img loading=\"lazy\" decoding=\"async\" width=\"150\" height=\"150\" src=\"https:\/\/www.rivera.gub.uy\/social\/wp-content\/uploads\/2017\/08\/IMG_1180-150x150.jpg\" class=\"attachment-thumbnail size-thumbnail\" alt=\"\" \/><\/a>\n\t\t\t<\/div><\/figure><figure class='gallery-item'>\n\t\t\t<div class='gallery-icon landscape'>\n\t\t\t\t<a href='https:\/\/www.rivera.gub.uy\/social\/wp-content\/uploads\/2017\/08\/IMG_1179.jpg'><img loading=\"lazy\" decoding=\"async\" width=\"150\" height=\"150\" src=\"https:\/\/www.rivera.gub.uy\/social\/wp-content\/uploads\/2017\/08\/IMG_1179-150x150.jpg\" class=\"attachment-thumbnail size-thumbnail\" alt=\"\" \/><\/a>\n\t\t\t<\/div><\/figure><figure class='gallery-item'>\n\t\t\t<div class='gallery-icon landscape'>\n\t\t\t\t<a href='https:\/\/www.rivera.gub.uy\/social\/wp-content\/uploads\/2017\/08\/IMG_1178.jpg'><img loading=\"lazy\" decoding=\"async\" width=\"150\" height=\"150\" src=\"https:\/\/www.rivera.gub.uy\/social\/wp-content\/uploads\/2017\/08\/IMG_1178-150x150.jpg\" class=\"attachment-thumbnail size-thumbnail\" alt=\"\" \/><\/a>\n\t\t\t<\/div><\/figure><figure class='gallery-item'>\n\t\t\t<div class='gallery-icon landscape'>\n\t\t\t\t<a href='https:\/\/www.rivera.gub.uy\/social\/wp-content\/uploads\/2017\/08\/IMG_1152.jpg'><img loading=\"lazy\" decoding=\"async\" width=\"150\" height=\"150\" src=\"https:\/\/www.rivera.gub.uy\/social\/wp-content\/uploads\/2017\/08\/IMG_1152-150x150.jpg\" class=\"attachment-thumbnail size-thumbnail\" alt=\"\" \/><\/a>\n\t\t\t<\/div><\/figure><figure class='gallery-item'>\n\t\t\t<div class='gallery-icon landscape'>\n\t\t\t\t<a href='https:\/\/www.rivera.gub.uy\/social\/wp-content\/uploads\/2017\/08\/IMG_1177.jpg'><img loading=\"lazy\" decoding=\"async\" width=\"150\" height=\"150\" src=\"https:\/\/www.rivera.gub.uy\/social\/wp-content\/uploads\/2017\/08\/IMG_1177-150x150.jpg\" class=\"attachment-thumbnail size-thumbnail\" alt=\"\" \/><\/a>\n\t\t\t<\/div><\/figure>\n\t\t<\/div>\n\n","protected":false},"excerpt":{"rendered":"<p>La \u00faltima fecha disputada del campeonato del interior correspondiente a la decimosegunda fecha del campeonato, la cual se llev\u00f3 a cabo en la ciudad de Young, departamento de R\u00edo Negro, el pasado 6 de Agosto del corriente frente al equipo de Toros de dicha ciudad. Arlequines Rugby Club viaj\u00f3 con un plantel de mayores compuesto [&hellip;]<\/p>\n","protected":false},"author":4,"featured_media":725,"comment_status":"open","ping_status":"open","sticky":false,"template":"","format":"standard","meta":{"footnotes":""},"categories":[5,1],"tags":[32,12,38,17,75],"_links":{"self":[{"href":"https:\/\/www.rivera.gub.uy\/social\/wp-json\/wp\/v2\/posts\/724"}],"collection":[{"href":"https:\/\/www.rivera.gub.uy\/social\/wp-json\/wp\/v2\/posts"}],"about":[{"href":"https:\/\/www.rivera.gub.uy\/social\/wp-json\/wp\/v2\/types\/post"}],"author":[{"embeddable":true,"href":"https:\/\/www.rivera.gub.uy\/social\/wp-json\/wp\/v2\/users\/4"}],"replies":[{"embeddable":true,"href":"https:\/\/www.rivera.gub.uy\/social\/wp-json\/wp\/v2\/comments?post=724"}],"version-history":[{"count":7,"href":"https:\/\/www.rivera.gub.uy\/social\/wp-json\/wp\/v2\/posts\/724\/revisions"}],"predecessor-version":[{"id":937,"href":"https:\/\/www.rivera.gub.uy\/social\/wp-json\/wp\/v2\/posts\/724\/revisions\/937"}],"wp:featuredmedia":[{"embeddable":true,"href":"https:\/\/www.rivera.gub.uy\/social\/wp-json\/wp\/v2\/media\/725"}],"wp:attachment":[{"href":"https:\/\/www.rivera.gub.uy\/social\/wp-json\/wp\/v2\/media?parent=724"}],"wp:term":[{"taxonomy":"category","embeddable":true,"href":"https:\/\/www.rivera.gub.uy\/social\/wp-json\/wp\/v2\/categories?post=724"},{"taxonomy":"post_tag","embeddable":true,"href":"https:\/\/www.rivera.gub.uy\/social\/wp-json\/wp\/v2\/tags?post=724"}],"curies":[{"name":"wp","href":"https:\/\/api.w.org\/{rel}","templated":true}]}}