{"id":898,"date":"2017-08-30T19:24:33","date_gmt":"2017-08-30T19:24:33","guid":{"rendered":"http:\/\/rivera.gub.uy\/social\/?p=898"},"modified":"2017-09-04T23:43:57","modified_gmt":"2017-09-04T23:43:57","slug":"curso-basico-de-cocina-en-los-centros-barriales-de-paso-de-la-estiba-y-recreo","status":"publish","type":"post","link":"https:\/\/www.rivera.gub.uy\/social\/curso-basico-de-cocina-en-los-centros-barriales-de-paso-de-la-estiba-y-recreo\/","title":{"rendered":"Curso b\u00e1sico de Cocina en los Centros Barriales"},"content":{"rendered":"<p>Contin\u00faan las Capacitaciones a trav\u00e9s del <strong>Programa Social Centros Barriales, <\/strong>de la Direcci\u00f3n General de Promoci\u00f3n y Acci\u00f3n Social.<\/p>\n<p>En esta oportunidad se dicta el\u00a0<em><strong>Curso b\u00e1sico de Cocina\u00a0<\/strong><\/em>en Paso de la Estiba, Recreo y Villa Sonia.<!--more--><\/p>\n<p>Hombres y mujeres de la zona concurren dos veces a la semana a capacitarse.<\/p>\n<p>Una linda oportunidad para compartir y aprender.<\/p>\n<p>Por futuras inscripciones acercarse al Centros Barrial m\u00e1s pr\u00f3ximo.<\/p>\n<p>&nbsp;<\/p>\n<p>&nbsp;<\/p>\n<p>&nbsp;<\/p>\n","protected":false},"excerpt":{"rendered":"<p>Contin\u00faan las Capacitaciones a trav\u00e9s del Programa Social Centros Barriales, de la Direcci\u00f3n General de Promoci\u00f3n y Acci\u00f3n Social. En esta oportunidad se dicta el\u00a0Curso b\u00e1sico de Cocina\u00a0en Paso de la Estiba, Recreo y Villa Sonia.<\/p>\n","protected":false},"author":7,"featured_media":899,"comment_status":"open","ping_status":"open","sticky":false,"template":"","format":"standard","meta":{"footnotes":""},"categories":[6,1],"tags":[39,68],"_links":{"self":[{"href":"https:\/\/www.rivera.gub.uy\/social\/wp-json\/wp\/v2\/posts\/898"}],"collection":[{"href":"https:\/\/www.rivera.gub.uy\/social\/wp-json\/wp\/v2\/posts"}],"about":[{"href":"https:\/\/www.rivera.gub.uy\/social\/wp-json\/wp\/v2\/types\/post"}],"author":[{"embeddable":true,"href":"https:\/\/www.rivera.gub.uy\/social\/wp-json\/wp\/v2\/users\/7"}],"replies":[{"embeddable":true,"href":"https:\/\/www.rivera.gub.uy\/social\/wp-json\/wp\/v2\/comments?post=898"}],"version-history":[{"count":9,"href":"https:\/\/www.rivera.gub.uy\/social\/wp-json\/wp\/v2\/posts\/898\/revisions"}],"predecessor-version":[{"id":1032,"href":"https:\/\/www.rivera.gub.uy\/social\/wp-json\/wp\/v2\/posts\/898\/revisions\/1032"}],"wp:featuredmedia":[{"embeddable":true,"href":"https:\/\/www.rivera.gub.uy\/social\/wp-json\/wp\/v2\/media\/899"}],"wp:attachment":[{"href":"https:\/\/www.rivera.gub.uy\/social\/wp-json\/wp\/v2\/media?parent=898"}],"wp:term":[{"taxonomy":"category","embeddable":true,"href":"https:\/\/www.rivera.gub.uy\/social\/wp-json\/wp\/v2\/categories?post=898"},{"taxonomy":"post_tag","embeddable":true,"href":"https:\/\/www.rivera.gub.uy\/social\/wp-json\/wp\/v2\/tags?post=898"}],"curies":[{"name":"wp","href":"https:\/\/api.w.org\/{rel}","templated":true}]}}