{"id":907,"date":"2017-09-01T13:12:36","date_gmt":"2017-09-01T13:12:36","guid":{"rendered":"http:\/\/rivera.gub.uy\/social\/?p=907"},"modified":"2017-09-04T12:10:22","modified_gmt":"2017-09-04T12:10:22","slug":"clases-gratuitas-de-actividad-fisica-sumate-tu-tambien-a-rivera-activa","status":"publish","type":"post","link":"https:\/\/www.rivera.gub.uy\/social\/clases-gratuitas-de-actividad-fisica-sumate-tu-tambien-a-rivera-activa\/","title":{"rendered":"Clases GRATUITAS de actividad f\u00edsica. Sumate t\u00fa tambi\u00e9n a Rivera Activa"},"content":{"rendered":"<p>La Intendencia de Rivera, a trav\u00e9s de Divisi\u00f3n Deportes y COMERI te invitan a formar parte de \u201cRIVERA ACTIVA\u201d. Un programa de actividad f\u00edsica sistem\u00e1tico y gratuito, en la Pista de Atletismo del Estadio Atilio Paiva Olivera.<br \/>\nAll\u00ed tendr\u00e1s a tu disposici\u00f3n un equipo de profesionales dedicados a mejorar tu calidad de vida, mediante un seguimiento personal de docentes de Educaci\u00f3n F\u00edsica, respaldados por t\u00e9cnicos de salud de COMERI.<br \/>\nLos cupos son LIMITADOS!<!--more--><\/p>\n<p>D\u00edas y horarios de clases:<br \/>\n&#8211; Martes, jueves y viernes de 08:30 a 09:30 horas.<br \/>\n&#8211; Lunes. mi\u00e9rcoles y viernes de 17:00 a 18:00 y de 19:00 a 20:00 horas.<br \/>\nInscribite YA con los Profes en los horarios de clase.<br \/>\nPor mayor informaci\u00f3n al 462 36289 de lunes a viernes de 08:00 a 15:00 horas.<br \/>\nSalud.<br \/>\nMejor calidad de vida.<br \/>\nRIVERA ACTIVA al alcance de todos.<\/p>\n<p>&nbsp;<\/p>\n<div id='gallery-1' class='gallery galleryid-907 gallery-columns-4 gallery-size-thumbnail'><figure class='gallery-item'>\n\t\t\t<div class='gallery-icon landscape'>\n\t\t\t\t<a href='https:\/\/www.rivera.gub.uy\/social\/wp-content\/uploads\/2017\/09\/21200522_119677478766962_4310613631584085380_o.jpg'><img loading=\"lazy\" decoding=\"async\" width=\"150\" height=\"150\" src=\"https:\/\/www.rivera.gub.uy\/social\/wp-content\/uploads\/2017\/09\/21200522_119677478766962_4310613631584085380_o-150x150.jpg\" class=\"attachment-thumbnail size-thumbnail\" alt=\"\" \/><\/a>\n\t\t\t<\/div><\/figure><figure class='gallery-item'>\n\t\t\t<div class='gallery-icon landscape'>\n\t\t\t\t<a href='https:\/\/www.rivera.gub.uy\/social\/wp-content\/uploads\/2017\/09\/21248381_119677238766986_4851498175630013886_o.jpg'><img loading=\"lazy\" decoding=\"async\" width=\"150\" height=\"150\" src=\"https:\/\/www.rivera.gub.uy\/social\/wp-content\/uploads\/2017\/09\/21248381_119677238766986_4851498175630013886_o-150x150.jpg\" class=\"attachment-thumbnail size-thumbnail\" alt=\"\" \/><\/a>\n\t\t\t<\/div><\/figure><figure class='gallery-item'>\n\t\t\t<div class='gallery-icon landscape'>\n\t\t\t\t<a href='https:\/\/www.rivera.gub.uy\/social\/wp-content\/uploads\/2017\/09\/21199836_119677792100264_5665855680077471044_o.jpg'><img loading=\"lazy\" decoding=\"async\" width=\"150\" height=\"150\" src=\"https:\/\/www.rivera.gub.uy\/social\/wp-content\/uploads\/2017\/09\/21199836_119677792100264_5665855680077471044_o-150x150.jpg\" class=\"attachment-thumbnail size-thumbnail\" alt=\"\" \/><\/a>\n\t\t\t<\/div><\/figure><figure class='gallery-item'>\n\t\t\t<div class='gallery-icon portrait'>\n\t\t\t\t<a href='https:\/\/www.rivera.gub.uy\/social\/wp-content\/uploads\/2017\/09\/21192656_119677888766921_1092258429531403575_n.jpg'><img loading=\"lazy\" decoding=\"async\" width=\"150\" height=\"150\" src=\"https:\/\/www.rivera.gub.uy\/social\/wp-content\/uploads\/2017\/09\/21192656_119677888766921_1092258429531403575_n-150x150.jpg\" class=\"attachment-thumbnail size-thumbnail\" alt=\"\" srcset=\"https:\/\/www.rivera.gub.uy\/social\/wp-content\/uploads\/2017\/09\/21192656_119677888766921_1092258429531403575_n-150x150.jpg 150w, https:\/\/www.rivera.gub.uy\/social\/wp-content\/uploads\/2017\/09\/21192656_119677888766921_1092258429531403575_n-400x400.jpg 400w\" sizes=\"(max-width: 150px) 100vw, 150px\" \/><\/a>\n\t\t\t<\/div><\/figure><figure class='gallery-item'>\n\t\t\t<div class='gallery-icon portrait'>\n\t\t\t\t<a href='https:\/\/www.rivera.gub.uy\/social\/wp-content\/uploads\/2017\/09\/21192384_119677608766949_8240245364154081936_n.jpg'><img loading=\"lazy\" decoding=\"async\" width=\"150\" height=\"150\" src=\"https:\/\/www.rivera.gub.uy\/social\/wp-content\/uploads\/2017\/09\/21192384_119677608766949_8240245364154081936_n-150x150.jpg\" class=\"attachment-thumbnail size-thumbnail\" alt=\"\" srcset=\"https:\/\/www.rivera.gub.uy\/social\/wp-content\/uploads\/2017\/09\/21192384_119677608766949_8240245364154081936_n-150x150.jpg 150w, https:\/\/www.rivera.gub.uy\/social\/wp-content\/uploads\/2017\/09\/21192384_119677608766949_8240245364154081936_n-400x400.jpg 400w\" sizes=\"(max-width: 150px) 100vw, 150px\" \/><\/a>\n\t\t\t<\/div><\/figure><figure class='gallery-item'>\n\t\t\t<div class='gallery-icon landscape'>\n\t\t\t\t<a href='https:\/\/www.rivera.gub.uy\/social\/wp-content\/uploads\/2017\/09\/21167906_119676878767022_8273592954716477766_o.jpg'><img loading=\"lazy\" decoding=\"async\" width=\"150\" height=\"150\" src=\"https:\/\/www.rivera.gub.uy\/social\/wp-content\/uploads\/2017\/09\/21167906_119676878767022_8273592954716477766_o-150x150.jpg\" class=\"attachment-thumbnail size-thumbnail\" alt=\"\" \/><\/a>\n\t\t\t<\/div><\/figure><figure class='gallery-item'>\n\t\t\t<div class='gallery-icon landscape'>\n\t\t\t\t<a href='https:\/\/www.rivera.gub.uy\/social\/wp-content\/uploads\/2017\/09\/21167828_119676725433704_5646343303239642235_o.jpg'><img loading=\"lazy\" decoding=\"async\" width=\"150\" height=\"150\" src=\"https:\/\/www.rivera.gub.uy\/social\/wp-content\/uploads\/2017\/09\/21167828_119676725433704_5646343303239642235_o-150x150.jpg\" class=\"attachment-thumbnail size-thumbnail\" alt=\"\" \/><\/a>\n\t\t\t<\/div><\/figure><figure class='gallery-item'>\n\t\t\t<div class='gallery-icon portrait'>\n\t\t\t\t<a href='https:\/\/www.rivera.gub.uy\/social\/wp-content\/uploads\/2017\/09\/21232114_119676502100393_3161188318205292596_n.jpg'><img loading=\"lazy\" decoding=\"async\" width=\"150\" height=\"150\" src=\"https:\/\/www.rivera.gub.uy\/social\/wp-content\/uploads\/2017\/09\/21232114_119676502100393_3161188318205292596_n-150x150.jpg\" class=\"attachment-thumbnail size-thumbnail\" alt=\"\" srcset=\"https:\/\/www.rivera.gub.uy\/social\/wp-content\/uploads\/2017\/09\/21232114_119676502100393_3161188318205292596_n-150x150.jpg 150w, https:\/\/www.rivera.gub.uy\/social\/wp-content\/uploads\/2017\/09\/21232114_119676502100393_3161188318205292596_n-403x400.jpg 403w\" sizes=\"(max-width: 150px) 100vw, 150px\" \/><\/a>\n\t\t\t<\/div><\/figure>\n\t\t<\/div>\n\n","protected":false},"excerpt":{"rendered":"<p>La Intendencia de Rivera, a trav\u00e9s de Divisi\u00f3n Deportes y COMERI te invitan a formar parte de \u201cRIVERA ACTIVA\u201d. Un programa de actividad f\u00edsica sistem\u00e1tico y gratuito, en la Pista de Atletismo del Estadio Atilio Paiva Olivera. All\u00ed tendr\u00e1s a tu disposici\u00f3n un equipo de profesionales dedicados a mejorar tu calidad de vida, mediante un [&hellip;]<\/p>\n","protected":false},"author":4,"featured_media":930,"comment_status":"open","ping_status":"open","sticky":false,"template":"","format":"standard","meta":{"footnotes":""},"categories":[5,1],"tags":[73,72,12,38,17,34],"_links":{"self":[{"href":"https:\/\/www.rivera.gub.uy\/social\/wp-json\/wp\/v2\/posts\/907"}],"collection":[{"href":"https:\/\/www.rivera.gub.uy\/social\/wp-json\/wp\/v2\/posts"}],"about":[{"href":"https:\/\/www.rivera.gub.uy\/social\/wp-json\/wp\/v2\/types\/post"}],"author":[{"embeddable":true,"href":"https:\/\/www.rivera.gub.uy\/social\/wp-json\/wp\/v2\/users\/4"}],"replies":[{"embeddable":true,"href":"https:\/\/www.rivera.gub.uy\/social\/wp-json\/wp\/v2\/comments?post=907"}],"version-history":[{"count":5,"href":"https:\/\/www.rivera.gub.uy\/social\/wp-json\/wp\/v2\/posts\/907\/revisions"}],"predecessor-version":[{"id":931,"href":"https:\/\/www.rivera.gub.uy\/social\/wp-json\/wp\/v2\/posts\/907\/revisions\/931"}],"wp:featuredmedia":[{"embeddable":true,"href":"https:\/\/www.rivera.gub.uy\/social\/wp-json\/wp\/v2\/media\/930"}],"wp:attachment":[{"href":"https:\/\/www.rivera.gub.uy\/social\/wp-json\/wp\/v2\/media?parent=907"}],"wp:term":[{"taxonomy":"category","embeddable":true,"href":"https:\/\/www.rivera.gub.uy\/social\/wp-json\/wp\/v2\/categories?post=907"},{"taxonomy":"post_tag","embeddable":true,"href":"https:\/\/www.rivera.gub.uy\/social\/wp-json\/wp\/v2\/tags?post=907"}],"curies":[{"name":"wp","href":"https:\/\/api.w.org\/{rel}","templated":true}]}}