{"id":1061,"date":"2017-11-24T13:28:33","date_gmt":"2017-11-24T13:28:33","guid":{"rendered":"http:\/\/www.rivera.gub.uy\/transito\/?p=1061"},"modified":"2017-12-13T15:30:19","modified_gmt":"2017-12-13T15:30:19","slug":"senalizacion","status":"publish","type":"post","link":"https:\/\/www.rivera.gub.uy\/transito\/senalizacion\/","title":{"rendered":"Se\u00f1alizaci\u00f3n"},"content":{"rendered":"<p>Direcci\u00f3n General de Transito y Transporte contin\u00faa con la se\u00f1alizaci\u00f3n en el centro de nuestra ciudad, para ordenar y al mismo tiempo embellecerlo.<\/p>\n<div id='gallery-1' class='gallery galleryid-1061 gallery-columns-2 gallery-size-thumbnail'><figure class='gallery-item'>\n\t\t\t<div class='gallery-icon portrait'>\n\t\t\t\t<a href='https:\/\/www.rivera.gub.uy\/transito\/wp-content\/uploads\/2017\/11\/23795145_314326239048121_3790394843062763150_n.jpg'><img loading=\"lazy\" decoding=\"async\" width=\"150\" height=\"150\" src=\"https:\/\/www.rivera.gub.uy\/transito\/wp-content\/uploads\/2017\/11\/23795145_314326239048121_3790394843062763150_n-150x150.jpg\" class=\"attachment-thumbnail size-thumbnail\" alt=\"\" \/><\/a>\n\t\t\t<\/div><\/figure><figure class='gallery-item'>\n\t\t\t<div class='gallery-icon portrait'>\n\t\t\t\t<a href='https:\/\/www.rivera.gub.uy\/transito\/wp-content\/uploads\/2017\/11\/23795458_314326255714786_8402052795635223663_n.jpg'><img loading=\"lazy\" decoding=\"async\" width=\"150\" height=\"150\" src=\"https:\/\/www.rivera.gub.uy\/transito\/wp-content\/uploads\/2017\/11\/23795458_314326255714786_8402052795635223663_n-150x150.jpg\" class=\"attachment-thumbnail size-thumbnail\" alt=\"\" \/><\/a>\n\t\t\t<\/div><\/figure>\n\t\t<\/div>\n\n","protected":false},"excerpt":{"rendered":"<p>Direcci\u00f3n General de Transito y Transporte contin\u00faa con la se\u00f1alizaci\u00f3n en el centro de nuestra ciudad, para ordenar y al mismo tiempo embellecerlo.<\/p>\n","protected":false},"author":1,"featured_media":1063,"comment_status":"open","ping_status":"open","sticky":false,"template":"","format":"standard","meta":{"footnotes":""},"categories":[1],"tags":[26,20,17,21,14,24],"class_list":["post-1061","post","type-post","status-publish","format-standard","has-post-thumbnail","hentry","category-novedades","tag-dgtt","tag-intendencia","tag-rivera","tag-senalizacion","tag-transito","tag-transporte"],"_links":{"self":[{"href":"https:\/\/www.rivera.gub.uy\/transito\/wp-json\/wp\/v2\/posts\/1061"}],"collection":[{"href":"https:\/\/www.rivera.gub.uy\/transito\/wp-json\/wp\/v2\/posts"}],"about":[{"href":"https:\/\/www.rivera.gub.uy\/transito\/wp-json\/wp\/v2\/types\/post"}],"author":[{"embeddable":true,"href":"https:\/\/www.rivera.gub.uy\/transito\/wp-json\/wp\/v2\/users\/1"}],"replies":[{"embeddable":true,"href":"https:\/\/www.rivera.gub.uy\/transito\/wp-json\/wp\/v2\/comments?post=1061"}],"version-history":[{"count":4,"href":"https:\/\/www.rivera.gub.uy\/transito\/wp-json\/wp\/v2\/posts\/1061\/revisions"}],"predecessor-version":[{"id":1088,"href":"https:\/\/www.rivera.gub.uy\/transito\/wp-json\/wp\/v2\/posts\/1061\/revisions\/1088"}],"wp:featuredmedia":[{"embeddable":true,"href":"https:\/\/www.rivera.gub.uy\/transito\/wp-json\/wp\/v2\/media\/1063"}],"wp:attachment":[{"href":"https:\/\/www.rivera.gub.uy\/transito\/wp-json\/wp\/v2\/media?parent=1061"}],"wp:term":[{"taxonomy":"category","embeddable":true,"href":"https:\/\/www.rivera.gub.uy\/transito\/wp-json\/wp\/v2\/categories?post=1061"},{"taxonomy":"post_tag","embeddable":true,"href":"https:\/\/www.rivera.gub.uy\/transito\/wp-json\/wp\/v2\/tags?post=1061"}],"curies":[{"name":"wp","href":"https:\/\/api.w.org\/{rel}","templated":true}]}}