{"id":2183,"date":"2019-08-14T15:53:07","date_gmt":"2019-08-14T15:53:07","guid":{"rendered":"https:\/\/www.rivera.gub.uy\/transito\/?p=2183"},"modified":"2019-08-14T15:53:07","modified_gmt":"2019-08-14T15:53:07","slug":"comunicado-de-prensa-9","status":"publish","type":"post","link":"https:\/\/www.rivera.gub.uy\/transito\/comunicado-de-prensa-9\/","title":{"rendered":"Comunicado de Prensa"},"content":{"rendered":"<h4>La Intendencia Departamental de Rivera a trav\u00e9s de la Direcci\u00f3n General de Tr\u00e1nsito y Transporte y reitera a la poblaci\u00f3n en general que fue autorizada la empresa Jota Turismo SRL, seg\u00fan resoluci\u00f3n 2756\/2019, en forma precaria y revocable por 180 d\u00edas , a la explotaci\u00f3nde un servicio departamental rural a Minas de Corrales por ruta 27 y 28, el cual comenz\u00f3 a partir del d\u00eda lunes 12 de agosto en los siguientes d\u00edas y horarios:<\/h4>\n<h4>-Lunes a viernes, sale de Rivera a la hora 05:30, regresa de Minas de Corrales a las 18:00hs.<\/h4>\n<h4>-Domingos, sale de Rivera 08:30hs, regresando de Minas de Corrales a las 18:00hs.<\/h4>\n","protected":false},"excerpt":{"rendered":"<p>La Intendencia Departamental de Rivera a trav\u00e9s de la Direcci\u00f3n General de Tr\u00e1nsito y Transporte y reitera a la poblaci\u00f3n en general que fue autorizada la empresa Jota Turismo SRL, seg\u00fan resoluci\u00f3n 2756\/2019, en forma precaria y revocable por 180 d\u00edas , a la explotaci\u00f3nde un servicio departamental rural a Minas de Corrales por ruta [&hellip;]<\/p>\n","protected":false},"author":1,"featured_media":1794,"comment_status":"open","ping_status":"open","sticky":false,"template":"","format":"standard","meta":{"footnotes":""},"categories":[1],"tags":[],"class_list":["post-2183","post","type-post","status-publish","format-standard","has-post-thumbnail","hentry","category-novedades"],"_links":{"self":[{"href":"https:\/\/www.rivera.gub.uy\/transito\/wp-json\/wp\/v2\/posts\/2183"}],"collection":[{"href":"https:\/\/www.rivera.gub.uy\/transito\/wp-json\/wp\/v2\/posts"}],"about":[{"href":"https:\/\/www.rivera.gub.uy\/transito\/wp-json\/wp\/v2\/types\/post"}],"author":[{"embeddable":true,"href":"https:\/\/www.rivera.gub.uy\/transito\/wp-json\/wp\/v2\/users\/1"}],"replies":[{"embeddable":true,"href":"https:\/\/www.rivera.gub.uy\/transito\/wp-json\/wp\/v2\/comments?post=2183"}],"version-history":[{"count":2,"href":"https:\/\/www.rivera.gub.uy\/transito\/wp-json\/wp\/v2\/posts\/2183\/revisions"}],"predecessor-version":[{"id":2185,"href":"https:\/\/www.rivera.gub.uy\/transito\/wp-json\/wp\/v2\/posts\/2183\/revisions\/2185"}],"wp:featuredmedia":[{"embeddable":true,"href":"https:\/\/www.rivera.gub.uy\/transito\/wp-json\/wp\/v2\/media\/1794"}],"wp:attachment":[{"href":"https:\/\/www.rivera.gub.uy\/transito\/wp-json\/wp\/v2\/media?parent=2183"}],"wp:term":[{"taxonomy":"category","embeddable":true,"href":"https:\/\/www.rivera.gub.uy\/transito\/wp-json\/wp\/v2\/categories?post=2183"},{"taxonomy":"post_tag","embeddable":true,"href":"https:\/\/www.rivera.gub.uy\/transito\/wp-json\/wp\/v2\/tags?post=2183"}],"curies":[{"name":"wp","href":"https:\/\/api.w.org\/{rel}","templated":true}]}}