{"id":2189,"date":"2019-08-22T14:34:14","date_gmt":"2019-08-22T14:34:14","guid":{"rendered":"https:\/\/www.rivera.gub.uy\/transito\/?p=2189"},"modified":"2019-08-22T14:34:14","modified_gmt":"2019-08-22T14:34:14","slug":"comunicado-de-prensa-10","status":"publish","type":"post","link":"https:\/\/www.rivera.gub.uy\/transito\/comunicado-de-prensa-10\/","title":{"rendered":"Comunicado de Prensa"},"content":{"rendered":"<h4>Resoluci\u00f3n 101T\/2019, con fecha 20 de agosto del corriente a\u00f1o, informa que la Direcci\u00f3n General de Tr\u00e1nsito y Transporte resuelve autorizar a la empresa \u00abCOR ltda\u00bb a partir del d\u00eda 26\/08\/2019 a realizar las siguiente modificaciones con relaci\u00f3n a las frecuencias para \u00abLagos del Norte\u00bb.<\/h4>\n<h4>-Agregar una frecuencia a las ya existentes, salida de Rivera a la hora 11:00, regresando de Lagos del Norte a la hora 12:00.<\/h4>\n<h4>-Modificar el horario de la hora 19:00 desde Rivera, pasando a salir a la hora 20:00.<\/h4>\n<h4><em>Las modificaciones ser\u00e1n en forma experimental por el t\u00e9rmino de 30 d\u00edas.<\/em><\/h4>\n","protected":false},"excerpt":{"rendered":"<p>Resoluci\u00f3n 101T\/2019, con fecha 20 de agosto del corriente a\u00f1o, informa que la Direcci\u00f3n General de Tr\u00e1nsito y Transporte resuelve autorizar a la empresa \u00abCOR ltda\u00bb a partir del d\u00eda 26\/08\/2019 a realizar las siguiente modificaciones con relaci\u00f3n a las frecuencias para \u00abLagos del Norte\u00bb. -Agregar una frecuencia a las ya existentes, salida de Rivera [&hellip;]<\/p>\n","protected":false},"author":1,"featured_media":1794,"comment_status":"open","ping_status":"open","sticky":false,"template":"","format":"standard","meta":{"footnotes":""},"categories":[1],"tags":[],"class_list":["post-2189","post","type-post","status-publish","format-standard","has-post-thumbnail","hentry","category-novedades"],"_links":{"self":[{"href":"https:\/\/www.rivera.gub.uy\/transito\/wp-json\/wp\/v2\/posts\/2189"}],"collection":[{"href":"https:\/\/www.rivera.gub.uy\/transito\/wp-json\/wp\/v2\/posts"}],"about":[{"href":"https:\/\/www.rivera.gub.uy\/transito\/wp-json\/wp\/v2\/types\/post"}],"author":[{"embeddable":true,"href":"https:\/\/www.rivera.gub.uy\/transito\/wp-json\/wp\/v2\/users\/1"}],"replies":[{"embeddable":true,"href":"https:\/\/www.rivera.gub.uy\/transito\/wp-json\/wp\/v2\/comments?post=2189"}],"version-history":[{"count":1,"href":"https:\/\/www.rivera.gub.uy\/transito\/wp-json\/wp\/v2\/posts\/2189\/revisions"}],"predecessor-version":[{"id":2190,"href":"https:\/\/www.rivera.gub.uy\/transito\/wp-json\/wp\/v2\/posts\/2189\/revisions\/2190"}],"wp:featuredmedia":[{"embeddable":true,"href":"https:\/\/www.rivera.gub.uy\/transito\/wp-json\/wp\/v2\/media\/1794"}],"wp:attachment":[{"href":"https:\/\/www.rivera.gub.uy\/transito\/wp-json\/wp\/v2\/media?parent=2189"}],"wp:term":[{"taxonomy":"category","embeddable":true,"href":"https:\/\/www.rivera.gub.uy\/transito\/wp-json\/wp\/v2\/categories?post=2189"},{"taxonomy":"post_tag","embeddable":true,"href":"https:\/\/www.rivera.gub.uy\/transito\/wp-json\/wp\/v2\/tags?post=2189"}],"curies":[{"name":"wp","href":"https:\/\/api.w.org\/{rel}","templated":true}]}}