{"id":2191,"date":"2019-08-23T13:15:12","date_gmt":"2019-08-23T13:15:12","guid":{"rendered":"https:\/\/www.rivera.gub.uy\/transito\/?p=2191"},"modified":"2019-08-23T13:15:12","modified_gmt":"2019-08-23T13:15:12","slug":"comunicado-prensa","status":"publish","type":"post","link":"https:\/\/www.rivera.gub.uy\/transito\/comunicado-prensa\/","title":{"rendered":"Comunicado Prensa"},"content":{"rendered":"<h4>La Direcci\u00f3n General de Tr\u00e1nsito y Transporte a trav\u00e9s de Divisi\u00f3n Ejecutiva de Transporte comunica a la poblaci\u00f3n en general que el d\u00eda 25 de agosto, con motivo del desfile patrio, a partir de la hora 09:00, el transporte colectivo de pasajeros urbano modificar\u00e1 su recorrido de la siguiente manera:<\/h4>\n<ul>\n<li>\n<h4><em><strong>Lineas: Quintas al Norte, Lagun\u00f3n y Rivera Chico<\/strong><\/em>, ingresar\u00e1n al centro por calle F. S\u00e1nchez, Dr. Anolles, 33 Orientales, P. Harris, regresando por calle Ceballos y recorr\u00eddo habitual.<\/h4>\n<\/li>\n<li>\n<h4><em><strong>Lineas: Mandubi, Paso de la Estiba, Pueblo Nuevo, Empalme, La Pedrera, Santa Teresa, Comeri-La Estiba y Las Tunitas,<\/strong><\/em> ingresar\u00e1n al centro por calle Ituzaing\u00f3, F. S\u00e1nchez, Dr. Anolles, 33 Orientales, P.Harris, regresando por calle Ceballos y recorrido habitual.<\/h4>\n<\/li>\n<li>\n<h4><em><strong>Linea: Escuela 88<\/strong><\/em>, ingresar\u00e1 al centro por la calle Artigas, Agraciada, F. S\u00e1nchez, Dr. Anolles, 33 Orientales, P.Harris, regresando por calle Ceballos y recorrido habitual.<\/h4>\n<\/li>\n<li>\n<h4><em><strong>Linea: Puerto Seco-Cinco Bocas<\/strong><\/em>, ingresar\u00e1n al centro por calle Ceballos, Agraciada, F. S\u00e1nchez, Dr. Anolles, 33 Orientales, P. Harris y recorrido habitual.<\/h4>\n<\/li>\n<\/ul>\n<h4>Cabe agregar que el Transporte Interdepartamental y Rural mantendr\u00e1n el recorrido habitual.<\/h4>\n<h4>Las modificiaciones se mantendr\u00e1n hasta la finalizaci\u00f3n del evento.-<\/h4>\n","protected":false},"excerpt":{"rendered":"<p>La Direcci\u00f3n General de Tr\u00e1nsito y Transporte a trav\u00e9s de Divisi\u00f3n Ejecutiva de Transporte comunica a la poblaci\u00f3n en general que el d\u00eda 25 de agosto, con motivo del desfile patrio, a partir de la hora 09:00, el transporte colectivo de pasajeros urbano modificar\u00e1 su recorrido de la siguiente manera: Lineas: Quintas al Norte, Lagun\u00f3n [&hellip;]<\/p>\n","protected":false},"author":1,"featured_media":1794,"comment_status":"open","ping_status":"open","sticky":false,"template":"","format":"standard","meta":{"footnotes":""},"categories":[1],"tags":[],"class_list":["post-2191","post","type-post","status-publish","format-standard","has-post-thumbnail","hentry","category-novedades"],"_links":{"self":[{"href":"https:\/\/www.rivera.gub.uy\/transito\/wp-json\/wp\/v2\/posts\/2191"}],"collection":[{"href":"https:\/\/www.rivera.gub.uy\/transito\/wp-json\/wp\/v2\/posts"}],"about":[{"href":"https:\/\/www.rivera.gub.uy\/transito\/wp-json\/wp\/v2\/types\/post"}],"author":[{"embeddable":true,"href":"https:\/\/www.rivera.gub.uy\/transito\/wp-json\/wp\/v2\/users\/1"}],"replies":[{"embeddable":true,"href":"https:\/\/www.rivera.gub.uy\/transito\/wp-json\/wp\/v2\/comments?post=2191"}],"version-history":[{"count":2,"href":"https:\/\/www.rivera.gub.uy\/transito\/wp-json\/wp\/v2\/posts\/2191\/revisions"}],"predecessor-version":[{"id":2193,"href":"https:\/\/www.rivera.gub.uy\/transito\/wp-json\/wp\/v2\/posts\/2191\/revisions\/2193"}],"wp:featuredmedia":[{"embeddable":true,"href":"https:\/\/www.rivera.gub.uy\/transito\/wp-json\/wp\/v2\/media\/1794"}],"wp:attachment":[{"href":"https:\/\/www.rivera.gub.uy\/transito\/wp-json\/wp\/v2\/media?parent=2191"}],"wp:term":[{"taxonomy":"category","embeddable":true,"href":"https:\/\/www.rivera.gub.uy\/transito\/wp-json\/wp\/v2\/categories?post=2191"},{"taxonomy":"post_tag","embeddable":true,"href":"https:\/\/www.rivera.gub.uy\/transito\/wp-json\/wp\/v2\/tags?post=2191"}],"curies":[{"name":"wp","href":"https:\/\/api.w.org\/{rel}","templated":true}]}}