{"id":2219,"date":"2019-09-09T17:05:04","date_gmt":"2019-09-09T17:05:04","guid":{"rendered":"https:\/\/www.rivera.gub.uy\/transito\/?p=2219"},"modified":"2019-09-09T17:05:04","modified_gmt":"2019-09-09T17:05:04","slug":"comunicado-de-prensa-11","status":"publish","type":"post","link":"https:\/\/www.rivera.gub.uy\/transito\/comunicado-de-prensa-11\/","title":{"rendered":"Comunicado de prensa."},"content":{"rendered":"<h3>La Intendencia Departamental de Rivera, a tr\u00e1ves de la Direcci\u00f3n General de Tr\u00e1nsito y Transporte-Divisi\u00f3n Transporte comunica a la poblaci\u00f3n en general que se autoriza a la empresa \u00abMICRO Ltda\u00bb a realizar las siguientes modificaciones del 16 al 20 de setiembre 2019 (vacaciones de setiembre):<\/h3>\n<ul>\n<li>\n<h3>L\u00ednea Santa Teresa con frecuencias cada 30 minutos.<\/h3>\n<\/li>\n<li>\n<h3>L\u00ednea Villa Sara estar\u00e1 cubierta por l\u00ednea Santa Teresa.<\/h3>\n<\/li>\n<li>\n<h3>L\u00ednea Mandub\u00ed con frecuencias cada 30 minutos.<\/h3>\n<\/li>\n<li>\n<h3>L\u00ednea Lagun\u00f3n con frecuencias cada 1 hora.<\/h3>\n<\/li>\n<li>\n<h3>L\u00ednea Puerto Seco con frecuencias cada 40 minutos.<\/h3>\n<\/li>\n<li>\n<h3>L\u00ednea Cinco Bocas con frecuencias cada 40 minutos en los horarios de 08:00 a 12:00 y 14:00 a 18:00.<\/h3>\n<\/li>\n<\/ul>\n<h3><\/h3>\n","protected":false},"excerpt":{"rendered":"<p>La Intendencia Departamental de Rivera, a tr\u00e1ves de la Direcci\u00f3n General de Tr\u00e1nsito y Transporte-Divisi\u00f3n Transporte comunica a la poblaci\u00f3n en general que se autoriza a la empresa \u00abMICRO Ltda\u00bb a realizar las siguientes modificaciones del 16 al 20 de setiembre 2019 (vacaciones de setiembre): L\u00ednea Santa Teresa con frecuencias cada 30 minutos. L\u00ednea Villa [&hellip;]<\/p>\n","protected":false},"author":1,"featured_media":1794,"comment_status":"open","ping_status":"open","sticky":false,"template":"","format":"standard","meta":{"footnotes":""},"categories":[1],"tags":[],"class_list":["post-2219","post","type-post","status-publish","format-standard","has-post-thumbnail","hentry","category-novedades"],"_links":{"self":[{"href":"https:\/\/www.rivera.gub.uy\/transito\/wp-json\/wp\/v2\/posts\/2219"}],"collection":[{"href":"https:\/\/www.rivera.gub.uy\/transito\/wp-json\/wp\/v2\/posts"}],"about":[{"href":"https:\/\/www.rivera.gub.uy\/transito\/wp-json\/wp\/v2\/types\/post"}],"author":[{"embeddable":true,"href":"https:\/\/www.rivera.gub.uy\/transito\/wp-json\/wp\/v2\/users\/1"}],"replies":[{"embeddable":true,"href":"https:\/\/www.rivera.gub.uy\/transito\/wp-json\/wp\/v2\/comments?post=2219"}],"version-history":[{"count":2,"href":"https:\/\/www.rivera.gub.uy\/transito\/wp-json\/wp\/v2\/posts\/2219\/revisions"}],"predecessor-version":[{"id":2221,"href":"https:\/\/www.rivera.gub.uy\/transito\/wp-json\/wp\/v2\/posts\/2219\/revisions\/2221"}],"wp:featuredmedia":[{"embeddable":true,"href":"https:\/\/www.rivera.gub.uy\/transito\/wp-json\/wp\/v2\/media\/1794"}],"wp:attachment":[{"href":"https:\/\/www.rivera.gub.uy\/transito\/wp-json\/wp\/v2\/media?parent=2219"}],"wp:term":[{"taxonomy":"category","embeddable":true,"href":"https:\/\/www.rivera.gub.uy\/transito\/wp-json\/wp\/v2\/categories?post=2219"},{"taxonomy":"post_tag","embeddable":true,"href":"https:\/\/www.rivera.gub.uy\/transito\/wp-json\/wp\/v2\/tags?post=2219"}],"curies":[{"name":"wp","href":"https:\/\/api.w.org\/{rel}","templated":true}]}}