{"id":2562,"date":"2020-03-15T22:41:32","date_gmt":"2020-03-15T22:41:32","guid":{"rendered":"https:\/\/www.rivera.gub.uy\/transito\/?p=2562"},"modified":"2020-03-18T14:05:30","modified_gmt":"2020-03-18T14:05:30","slug":"comunicado-importante-2","status":"publish","type":"post","link":"https:\/\/www.rivera.gub.uy\/transito\/comunicado-importante-2\/","title":{"rendered":"Comunicado Importante"},"content":{"rendered":"<p>La Intendencia Departamental de Rivera, a trav\u00e9s de la Direcci\u00f3n General de Tr\u00e1nsito y Transporte, comunica a la poblaci\u00f3n en general que visto la declaraci\u00f3n de pandemia de la OMS, el anuncio d casos confirmados de COVID-19 en el pa\u00eds y el decreto presidencial al respetos se suspenden las charlas para aspirantes de licencias de conducir hasta nuevo aviso.<\/p>\n<p>Agradecemos la comprensi\u00f3n y colaboraci\u00f3n de todos.<\/p>\n","protected":false},"excerpt":{"rendered":"<p>La Intendencia Departamental de Rivera, a trav\u00e9s de la Direcci\u00f3n General de Tr\u00e1nsito y Transporte, comunica a la poblaci\u00f3n en general que visto la declaraci\u00f3n de pandemia de la OMS, el anuncio d casos confirmados de COVID-19 en el pa\u00eds y el decreto presidencial al respetos se suspenden las charlas para aspirantes de licencias de [&hellip;]<\/p>\n","protected":false},"author":1,"featured_media":2582,"comment_status":"open","ping_status":"open","sticky":false,"template":"","format":"standard","meta":{"footnotes":""},"categories":[1],"tags":[],"class_list":["post-2562","post","type-post","status-publish","format-standard","has-post-thumbnail","hentry","category-novedades"],"_links":{"self":[{"href":"https:\/\/www.rivera.gub.uy\/transito\/wp-json\/wp\/v2\/posts\/2562"}],"collection":[{"href":"https:\/\/www.rivera.gub.uy\/transito\/wp-json\/wp\/v2\/posts"}],"about":[{"href":"https:\/\/www.rivera.gub.uy\/transito\/wp-json\/wp\/v2\/types\/post"}],"author":[{"embeddable":true,"href":"https:\/\/www.rivera.gub.uy\/transito\/wp-json\/wp\/v2\/users\/1"}],"replies":[{"embeddable":true,"href":"https:\/\/www.rivera.gub.uy\/transito\/wp-json\/wp\/v2\/comments?post=2562"}],"version-history":[{"count":4,"href":"https:\/\/www.rivera.gub.uy\/transito\/wp-json\/wp\/v2\/posts\/2562\/revisions"}],"predecessor-version":[{"id":2587,"href":"https:\/\/www.rivera.gub.uy\/transito\/wp-json\/wp\/v2\/posts\/2562\/revisions\/2587"}],"wp:featuredmedia":[{"embeddable":true,"href":"https:\/\/www.rivera.gub.uy\/transito\/wp-json\/wp\/v2\/media\/2582"}],"wp:attachment":[{"href":"https:\/\/www.rivera.gub.uy\/transito\/wp-json\/wp\/v2\/media?parent=2562"}],"wp:term":[{"taxonomy":"category","embeddable":true,"href":"https:\/\/www.rivera.gub.uy\/transito\/wp-json\/wp\/v2\/categories?post=2562"},{"taxonomy":"post_tag","embeddable":true,"href":"https:\/\/www.rivera.gub.uy\/transito\/wp-json\/wp\/v2\/tags?post=2562"}],"curies":[{"name":"wp","href":"https:\/\/api.w.org\/{rel}","templated":true}]}}