{"id":2567,"date":"2020-03-16T17:57:17","date_gmt":"2020-03-16T17:57:17","guid":{"rendered":"https:\/\/www.rivera.gub.uy\/transito\/?p=2567"},"modified":"2020-03-18T14:05:55","modified_gmt":"2020-03-18T14:05:55","slug":"comunicado-16-03-2020","status":"publish","type":"post","link":"https:\/\/www.rivera.gub.uy\/transito\/comunicado-16-03-2020\/","title":{"rendered":"Comunicado 16\/03\/2020"},"content":{"rendered":"<p>&nbsp;<\/p>\n<p>La Intendencia Departamental de Rivera, a trav\u00e9s de la Direcci\u00f3n General de Tr\u00e1nsito y Transporte &#8211; Divisi\u00f3n Transporte, exhorta a las Empresas del Transporte P\u00fablico : Empresas de \u00d3mnibus Departamentales y Rurales, Tax\u00edmetros, Transporte Escolar, a extremar las medidas de higiene y desinfecci\u00f3n dentro de las unidades, atento a la declaraci\u00f3n de pandemia de la OMS, el anuncio de casos confirmados de COVID-19 en el pa\u00eds y el decreto presidencial, todo ello, hasta nuevo aviso y determinaci\u00f3n de las Jerarqu\u00edas .<\/p>\n<p>Agradecemos la comprensi\u00f3n y colaboraci\u00f3n de todos.<\/p>\n","protected":false},"excerpt":{"rendered":"<p>&nbsp; La Intendencia Departamental de Rivera, a trav\u00e9s de la Direcci\u00f3n General de Tr\u00e1nsito y Transporte &#8211; Divisi\u00f3n Transporte, exhorta a las Empresas del Transporte P\u00fablico : Empresas de \u00d3mnibus Departamentales y Rurales, Tax\u00edmetros, Transporte Escolar, a extremar las medidas de higiene y desinfecci\u00f3n dentro de las unidades, atento a la declaraci\u00f3n de pandemia de [&hellip;]<\/p>\n","protected":false},"author":1,"featured_media":2582,"comment_status":"open","ping_status":"open","sticky":false,"template":"","format":"standard","meta":{"footnotes":""},"categories":[1],"tags":[],"class_list":["post-2567","post","type-post","status-publish","format-standard","has-post-thumbnail","hentry","category-novedades"],"_links":{"self":[{"href":"https:\/\/www.rivera.gub.uy\/transito\/wp-json\/wp\/v2\/posts\/2567"}],"collection":[{"href":"https:\/\/www.rivera.gub.uy\/transito\/wp-json\/wp\/v2\/posts"}],"about":[{"href":"https:\/\/www.rivera.gub.uy\/transito\/wp-json\/wp\/v2\/types\/post"}],"author":[{"embeddable":true,"href":"https:\/\/www.rivera.gub.uy\/transito\/wp-json\/wp\/v2\/users\/1"}],"replies":[{"embeddable":true,"href":"https:\/\/www.rivera.gub.uy\/transito\/wp-json\/wp\/v2\/comments?post=2567"}],"version-history":[{"count":2,"href":"https:\/\/www.rivera.gub.uy\/transito\/wp-json\/wp\/v2\/posts\/2567\/revisions"}],"predecessor-version":[{"id":2588,"href":"https:\/\/www.rivera.gub.uy\/transito\/wp-json\/wp\/v2\/posts\/2567\/revisions\/2588"}],"wp:featuredmedia":[{"embeddable":true,"href":"https:\/\/www.rivera.gub.uy\/transito\/wp-json\/wp\/v2\/media\/2582"}],"wp:attachment":[{"href":"https:\/\/www.rivera.gub.uy\/transito\/wp-json\/wp\/v2\/media?parent=2567"}],"wp:term":[{"taxonomy":"category","embeddable":true,"href":"https:\/\/www.rivera.gub.uy\/transito\/wp-json\/wp\/v2\/categories?post=2567"},{"taxonomy":"post_tag","embeddable":true,"href":"https:\/\/www.rivera.gub.uy\/transito\/wp-json\/wp\/v2\/tags?post=2567"}],"curies":[{"name":"wp","href":"https:\/\/api.w.org\/{rel}","templated":true}]}}