{"id":2654,"date":"2020-04-23T17:47:25","date_gmt":"2020-04-23T17:47:25","guid":{"rendered":"https:\/\/www.rivera.gub.uy\/transito\/?p=2654"},"modified":"2020-04-23T17:47:25","modified_gmt":"2020-04-23T17:47:25","slug":"comunicado-de-prensa-010-2020","status":"publish","type":"post","link":"https:\/\/www.rivera.gub.uy\/transito\/comunicado-de-prensa-010-2020\/","title":{"rendered":"Comunicado de Prensa 010\/2020"},"content":{"rendered":"<h4>La Intendencia Departamental de Rivera, a trav\u00e9s de la Direcci\u00f3n General de Tr\u00e1nsito y Transporte, comunica a la poblaci\u00f3n en general que en el marco de la situaci\u00f3n de emergencia sanitaria por la pandemia de COVID 19, atendiendo las recomendaciones de la OMS y Gobierno Nacional y ante la merma notoria de usuarios del Transporte P\u00fablico de pasajeros, se suspenden las frecuencias del Transporte Departamental Urbano por el d\u00eda domingo 26\/04\/2020.<\/h4>\n","protected":false},"excerpt":{"rendered":"<p>La Intendencia Departamental de Rivera, a trav\u00e9s de la Direcci\u00f3n General de Tr\u00e1nsito y Transporte, comunica a la poblaci\u00f3n en general que en el marco de la situaci\u00f3n de emergencia sanitaria por la pandemia de COVID 19, atendiendo las recomendaciones de la OMS y Gobierno Nacional y ante la merma notoria de usuarios del Transporte [&hellip;]<\/p>\n","protected":false},"author":1,"featured_media":1794,"comment_status":"open","ping_status":"open","sticky":false,"template":"","format":"standard","meta":{"footnotes":""},"categories":[1],"tags":[],"class_list":["post-2654","post","type-post","status-publish","format-standard","has-post-thumbnail","hentry","category-novedades"],"_links":{"self":[{"href":"https:\/\/www.rivera.gub.uy\/transito\/wp-json\/wp\/v2\/posts\/2654"}],"collection":[{"href":"https:\/\/www.rivera.gub.uy\/transito\/wp-json\/wp\/v2\/posts"}],"about":[{"href":"https:\/\/www.rivera.gub.uy\/transito\/wp-json\/wp\/v2\/types\/post"}],"author":[{"embeddable":true,"href":"https:\/\/www.rivera.gub.uy\/transito\/wp-json\/wp\/v2\/users\/1"}],"replies":[{"embeddable":true,"href":"https:\/\/www.rivera.gub.uy\/transito\/wp-json\/wp\/v2\/comments?post=2654"}],"version-history":[{"count":1,"href":"https:\/\/www.rivera.gub.uy\/transito\/wp-json\/wp\/v2\/posts\/2654\/revisions"}],"predecessor-version":[{"id":2655,"href":"https:\/\/www.rivera.gub.uy\/transito\/wp-json\/wp\/v2\/posts\/2654\/revisions\/2655"}],"wp:featuredmedia":[{"embeddable":true,"href":"https:\/\/www.rivera.gub.uy\/transito\/wp-json\/wp\/v2\/media\/1794"}],"wp:attachment":[{"href":"https:\/\/www.rivera.gub.uy\/transito\/wp-json\/wp\/v2\/media?parent=2654"}],"wp:term":[{"taxonomy":"category","embeddable":true,"href":"https:\/\/www.rivera.gub.uy\/transito\/wp-json\/wp\/v2\/categories?post=2654"},{"taxonomy":"post_tag","embeddable":true,"href":"https:\/\/www.rivera.gub.uy\/transito\/wp-json\/wp\/v2\/tags?post=2654"}],"curies":[{"name":"wp","href":"https:\/\/api.w.org\/{rel}","templated":true}]}}