{"id":2688,"date":"2020-05-09T19:28:18","date_gmt":"2020-05-09T19:28:18","guid":{"rendered":"https:\/\/www.rivera.gub.uy\/transito\/?p=2688"},"modified":"2020-05-20T13:11:07","modified_gmt":"2020-05-20T13:11:07","slug":"comunicado","status":"publish","type":"post","link":"https:\/\/www.rivera.gub.uy\/transito\/comunicado\/","title":{"rendered":"Comunicado"},"content":{"rendered":"<p>La Intendencia Departamental de Rivera, a trav\u00e9s de la Direcci\u00f3n General de Tr\u00e1nsito y Transporte, comunica a la poblaci\u00f3n en general que en el marco se la situaci\u00f3n de emergencia sanitaria por la pandemia de COVID-19, atendiendo las recomendaciones de las autoridades sanitarias de evitar la circulaci\u00f3n y aglomeraci\u00f3n de personas, y en concordancia con las acciones de prevenci\u00f3n adoptadas para proteger a nuestra poblaci\u00f3n, las empresas de Transporte Departamental Rural y Urbano, no realizar\u00e1n frecuencia este domingo 10\/05\/2020.<\/p>\n<p>&nbsp;<\/p>\n","protected":false},"excerpt":{"rendered":"<p>La Intendencia Departamental de Rivera, a trav\u00e9s de la Direcci\u00f3n General de Tr\u00e1nsito y Transporte, comunica a la poblaci\u00f3n en general que en el marco se la situaci\u00f3n de emergencia sanitaria por la pandemia de COVID-19, atendiendo las recomendaciones de las autoridades sanitarias de evitar la circulaci\u00f3n y aglomeraci\u00f3n de personas, y en concordancia con [&hellip;]<\/p>\n","protected":false},"author":1,"featured_media":2582,"comment_status":"open","ping_status":"open","sticky":false,"template":"","format":"standard","meta":{"footnotes":""},"categories":[1],"tags":[],"class_list":["post-2688","post","type-post","status-publish","format-standard","has-post-thumbnail","hentry","category-novedades"],"_links":{"self":[{"href":"https:\/\/www.rivera.gub.uy\/transito\/wp-json\/wp\/v2\/posts\/2688"}],"collection":[{"href":"https:\/\/www.rivera.gub.uy\/transito\/wp-json\/wp\/v2\/posts"}],"about":[{"href":"https:\/\/www.rivera.gub.uy\/transito\/wp-json\/wp\/v2\/types\/post"}],"author":[{"embeddable":true,"href":"https:\/\/www.rivera.gub.uy\/transito\/wp-json\/wp\/v2\/users\/1"}],"replies":[{"embeddable":true,"href":"https:\/\/www.rivera.gub.uy\/transito\/wp-json\/wp\/v2\/comments?post=2688"}],"version-history":[{"count":2,"href":"https:\/\/www.rivera.gub.uy\/transito\/wp-json\/wp\/v2\/posts\/2688\/revisions"}],"predecessor-version":[{"id":2725,"href":"https:\/\/www.rivera.gub.uy\/transito\/wp-json\/wp\/v2\/posts\/2688\/revisions\/2725"}],"wp:featuredmedia":[{"embeddable":true,"href":"https:\/\/www.rivera.gub.uy\/transito\/wp-json\/wp\/v2\/media\/2582"}],"wp:attachment":[{"href":"https:\/\/www.rivera.gub.uy\/transito\/wp-json\/wp\/v2\/media?parent=2688"}],"wp:term":[{"taxonomy":"category","embeddable":true,"href":"https:\/\/www.rivera.gub.uy\/transito\/wp-json\/wp\/v2\/categories?post=2688"},{"taxonomy":"post_tag","embeddable":true,"href":"https:\/\/www.rivera.gub.uy\/transito\/wp-json\/wp\/v2\/tags?post=2688"}],"curies":[{"name":"wp","href":"https:\/\/api.w.org\/{rel}","templated":true}]}}