{"id":3026,"date":"2020-08-20T17:24:46","date_gmt":"2020-08-20T17:24:46","guid":{"rendered":"https:\/\/www.rivera.gub.uy\/transito\/?p=3026"},"modified":"2020-08-20T17:31:10","modified_gmt":"2020-08-20T17:31:10","slug":"extension-plazo-para-el-cambio-de-matricula-del-mercosur","status":"publish","type":"post","link":"https:\/\/www.rivera.gub.uy\/transito\/extension-plazo-para-el-cambio-de-matricula-del-mercosur\/","title":{"rendered":"Extensi\u00f3n del plazo para el cambio de matr\u00edcula del Mercosur"},"content":{"rendered":"<p>Hasta el 31 de diciembre se podr\u00e1 realizar el cambio de matr\u00edcula por la del Mercosur.<!--more--><\/p>\n<p>La <a href=\"https:\/\/www.gub.uy\/tramites\/rematriculacion-vehiculos-rivera\" target=\"_blank\" rel=\"noopener noreferrer\">re-matriculaci\u00f3n<\/a> se realiza en forma presencial en divisi\u00f3n Tr\u00e1mites y Habilitaciones de la IDR (Agraciada 570, piso -2), con un costo de $2.232 para motocicletas y $3.435 para autom\u00f3viles.<\/p>\n<p>El costo puede ser abonado al contado o en hasta 24 cuotas.<\/p>\n<p>&nbsp;<\/p>\n<p>&nbsp;<\/p>\n<p>&nbsp;<\/p>\n","protected":false},"excerpt":{"rendered":"<p>Hasta el 31 de diciembre se podr\u00e1 realizar el cambio de matr\u00edcula por la del Mercosur.<\/p>\n","protected":false},"author":2,"featured_media":3027,"comment_status":"open","ping_status":"open","sticky":false,"template":"","format":"standard","meta":{"footnotes":""},"categories":[1],"tags":[],"class_list":["post-3026","post","type-post","status-publish","format-standard","has-post-thumbnail","hentry","category-novedades"],"_links":{"self":[{"href":"https:\/\/www.rivera.gub.uy\/transito\/wp-json\/wp\/v2\/posts\/3026"}],"collection":[{"href":"https:\/\/www.rivera.gub.uy\/transito\/wp-json\/wp\/v2\/posts"}],"about":[{"href":"https:\/\/www.rivera.gub.uy\/transito\/wp-json\/wp\/v2\/types\/post"}],"author":[{"embeddable":true,"href":"https:\/\/www.rivera.gub.uy\/transito\/wp-json\/wp\/v2\/users\/2"}],"replies":[{"embeddable":true,"href":"https:\/\/www.rivera.gub.uy\/transito\/wp-json\/wp\/v2\/comments?post=3026"}],"version-history":[{"count":8,"href":"https:\/\/www.rivera.gub.uy\/transito\/wp-json\/wp\/v2\/posts\/3026\/revisions"}],"predecessor-version":[{"id":3035,"href":"https:\/\/www.rivera.gub.uy\/transito\/wp-json\/wp\/v2\/posts\/3026\/revisions\/3035"}],"wp:featuredmedia":[{"embeddable":true,"href":"https:\/\/www.rivera.gub.uy\/transito\/wp-json\/wp\/v2\/media\/3027"}],"wp:attachment":[{"href":"https:\/\/www.rivera.gub.uy\/transito\/wp-json\/wp\/v2\/media?parent=3026"}],"wp:term":[{"taxonomy":"category","embeddable":true,"href":"https:\/\/www.rivera.gub.uy\/transito\/wp-json\/wp\/v2\/categories?post=3026"},{"taxonomy":"post_tag","embeddable":true,"href":"https:\/\/www.rivera.gub.uy\/transito\/wp-json\/wp\/v2\/tags?post=3026"}],"curies":[{"name":"wp","href":"https:\/\/api.w.org\/{rel}","templated":true}]}}