{"id":3217,"date":"2020-10-20T18:16:05","date_gmt":"2020-10-20T18:16:05","guid":{"rendered":"https:\/\/www.rivera.gub.uy\/transito\/?p=3217"},"modified":"2020-10-20T18:16:11","modified_gmt":"2020-10-20T18:16:11","slug":"como-ven-el-transito-en-su-zona-escolar-y-que-harian-para-mejorarla","status":"publish","type":"post","link":"https:\/\/www.rivera.gub.uy\/transito\/como-ven-el-transito-en-su-zona-escolar-y-que-harian-para-mejorarla\/","title":{"rendered":"\u00bfC\u00f3mo ven el tr\u00e1nsito en su zona escolar y qu\u00e9 har\u00edan para mejorarla?"},"content":{"rendered":"<p>La Unidad de Educaci\u00f3n Vial dict\u00f3 un nuevo taller escolar en el marco de la XIII Semana Nacional de la Seguridad Vial.<\/p>\n<p>En la jornada realizada durante el turno matutino de la Escuela N\u00b0 96, se interactu\u00f3 con ni\u00f1os, maestros y familiares, a trav\u00e9s de di\u00e1logos, videos e im\u00e1genes, bajo la consigna \u00ab\u00bfC\u00f3mo ven el tr\u00e1nsito en su zona escolar y qu\u00e9 har\u00edan para mejorarla?\u00bb.<\/p>\n<p><!--more--><\/p>\n<div id='gallery-1' class='gallery galleryid-3217 gallery-columns-5 gallery-size-thumbnail'><figure class='gallery-item'>\n\t\t\t<div class='gallery-icon landscape'>\n\t\t\t\t<a href='https:\/\/www.rivera.gub.uy\/transito\/wp-content\/uploads\/2020\/10\/WhatsApp-Image-2020-10-20-at-1.31.36-PM-1.jpeg'><img loading=\"lazy\" decoding=\"async\" width=\"150\" height=\"150\" src=\"https:\/\/www.rivera.gub.uy\/transito\/wp-content\/uploads\/2020\/10\/WhatsApp-Image-2020-10-20-at-1.31.36-PM-1-150x150.jpeg\" class=\"attachment-thumbnail size-thumbnail\" alt=\"\" \/><\/a>\n\t\t\t<\/div><\/figure><figure class='gallery-item'>\n\t\t\t<div class='gallery-icon landscape'>\n\t\t\t\t<a href='https:\/\/www.rivera.gub.uy\/transito\/wp-content\/uploads\/2020\/10\/WhatsApp-Image-2020-10-20-at-1.31.36-PM.jpeg'><img loading=\"lazy\" decoding=\"async\" width=\"150\" height=\"150\" src=\"https:\/\/www.rivera.gub.uy\/transito\/wp-content\/uploads\/2020\/10\/WhatsApp-Image-2020-10-20-at-1.31.36-PM-150x150.jpeg\" class=\"attachment-thumbnail size-thumbnail\" alt=\"\" \/><\/a>\n\t\t\t<\/div><\/figure><figure class='gallery-item'>\n\t\t\t<div class='gallery-icon landscape'>\n\t\t\t\t<a href='https:\/\/www.rivera.gub.uy\/transito\/wp-content\/uploads\/2020\/10\/WhatsApp-Image-2020-10-20-at-1.31.37-PM-1.jpeg'><img loading=\"lazy\" decoding=\"async\" width=\"150\" height=\"150\" src=\"https:\/\/www.rivera.gub.uy\/transito\/wp-content\/uploads\/2020\/10\/WhatsApp-Image-2020-10-20-at-1.31.37-PM-1-150x150.jpeg\" class=\"attachment-thumbnail size-thumbnail\" alt=\"\" \/><\/a>\n\t\t\t<\/div><\/figure><figure class='gallery-item'>\n\t\t\t<div class='gallery-icon landscape'>\n\t\t\t\t<a href='https:\/\/www.rivera.gub.uy\/transito\/wp-content\/uploads\/2020\/10\/WhatsApp-Image-2020-10-20-at-1.31.37-PM-2.jpeg'><img loading=\"lazy\" decoding=\"async\" width=\"150\" height=\"150\" src=\"https:\/\/www.rivera.gub.uy\/transito\/wp-content\/uploads\/2020\/10\/WhatsApp-Image-2020-10-20-at-1.31.37-PM-2-150x150.jpeg\" class=\"attachment-thumbnail size-thumbnail\" alt=\"\" \/><\/a>\n\t\t\t<\/div><\/figure><figure class='gallery-item'>\n\t\t\t<div class='gallery-icon landscape'>\n\t\t\t\t<a href='https:\/\/www.rivera.gub.uy\/transito\/wp-content\/uploads\/2020\/10\/WhatsApp-Image-2020-10-20-at-1.31.37-PM.jpeg'><img loading=\"lazy\" decoding=\"async\" width=\"150\" height=\"150\" src=\"https:\/\/www.rivera.gub.uy\/transito\/wp-content\/uploads\/2020\/10\/WhatsApp-Image-2020-10-20-at-1.31.37-PM-150x150.jpeg\" class=\"attachment-thumbnail size-thumbnail\" alt=\"\" \/><\/a>\n\t\t\t<\/div><\/figure><figure class='gallery-item'>\n\t\t\t<div class='gallery-icon landscape'>\n\t\t\t\t<a href='https:\/\/www.rivera.gub.uy\/transito\/wp-content\/uploads\/2020\/10\/WhatsApp-Image-2020-10-20-at-1.31.38-PM-1.jpeg'><img loading=\"lazy\" decoding=\"async\" width=\"150\" height=\"150\" src=\"https:\/\/www.rivera.gub.uy\/transito\/wp-content\/uploads\/2020\/10\/WhatsApp-Image-2020-10-20-at-1.31.38-PM-1-150x150.jpeg\" class=\"attachment-thumbnail size-thumbnail\" alt=\"\" \/><\/a>\n\t\t\t<\/div><\/figure><figure class='gallery-item'>\n\t\t\t<div class='gallery-icon landscape'>\n\t\t\t\t<a href='https:\/\/www.rivera.gub.uy\/transito\/wp-content\/uploads\/2020\/10\/WhatsApp-Image-2020-10-20-at-1.31.38-PM-2.jpeg'><img loading=\"lazy\" decoding=\"async\" width=\"150\" height=\"150\" src=\"https:\/\/www.rivera.gub.uy\/transito\/wp-content\/uploads\/2020\/10\/WhatsApp-Image-2020-10-20-at-1.31.38-PM-2-150x150.jpeg\" class=\"attachment-thumbnail size-thumbnail\" alt=\"\" \/><\/a>\n\t\t\t<\/div><\/figure><figure class='gallery-item'>\n\t\t\t<div class='gallery-icon landscape'>\n\t\t\t\t<a href='https:\/\/www.rivera.gub.uy\/transito\/wp-content\/uploads\/2020\/10\/WhatsApp-Image-2020-10-20-at-1.31.38-PM.jpeg'><img loading=\"lazy\" decoding=\"async\" width=\"150\" height=\"150\" src=\"https:\/\/www.rivera.gub.uy\/transito\/wp-content\/uploads\/2020\/10\/WhatsApp-Image-2020-10-20-at-1.31.38-PM-150x150.jpeg\" class=\"attachment-thumbnail size-thumbnail\" alt=\"\" \/><\/a>\n\t\t\t<\/div><\/figure><figure class='gallery-item'>\n\t\t\t<div class='gallery-icon landscape'>\n\t\t\t\t<a href='https:\/\/www.rivera.gub.uy\/transito\/wp-content\/uploads\/2020\/10\/WhatsApp-Image-2020-10-20-at-1.31.39-PM-1.jpeg'><img loading=\"lazy\" decoding=\"async\" width=\"150\" height=\"150\" src=\"https:\/\/www.rivera.gub.uy\/transito\/wp-content\/uploads\/2020\/10\/WhatsApp-Image-2020-10-20-at-1.31.39-PM-1-150x150.jpeg\" class=\"attachment-thumbnail size-thumbnail\" alt=\"\" \/><\/a>\n\t\t\t<\/div><\/figure><figure class='gallery-item'>\n\t\t\t<div class='gallery-icon landscape'>\n\t\t\t\t<a href='https:\/\/www.rivera.gub.uy\/transito\/wp-content\/uploads\/2020\/10\/WhatsApp-Image-2020-10-20-at-1.31.39-PM.jpeg'><img loading=\"lazy\" decoding=\"async\" width=\"150\" height=\"150\" src=\"https:\/\/www.rivera.gub.uy\/transito\/wp-content\/uploads\/2020\/10\/WhatsApp-Image-2020-10-20-at-1.31.39-PM-150x150.jpeg\" class=\"attachment-thumbnail size-thumbnail\" alt=\"\" \/><\/a>\n\t\t\t<\/div><\/figure>\n\t\t<\/div>\n\n","protected":false},"excerpt":{"rendered":"<p>La Unidad de Educaci\u00f3n Vial dict\u00f3 un nuevo taller escolar en el marco de la XIII Semana Nacional de la Seguridad Vial. En la jornada realizada durante el turno matutino de la Escuela N\u00b0 96, se interactu\u00f3 con ni\u00f1os, maestros y familiares, a trav\u00e9s de di\u00e1logos, videos e im\u00e1genes, bajo la consigna \u00ab\u00bfC\u00f3mo ven el [&hellip;]<\/p>\n","protected":false},"author":2,"featured_media":3227,"comment_status":"open","ping_status":"open","sticky":false,"template":"","format":"standard","meta":{"footnotes":""},"categories":[1],"tags":[],"class_list":["post-3217","post","type-post","status-publish","format-standard","has-post-thumbnail","hentry","category-novedades"],"_links":{"self":[{"href":"https:\/\/www.rivera.gub.uy\/transito\/wp-json\/wp\/v2\/posts\/3217"}],"collection":[{"href":"https:\/\/www.rivera.gub.uy\/transito\/wp-json\/wp\/v2\/posts"}],"about":[{"href":"https:\/\/www.rivera.gub.uy\/transito\/wp-json\/wp\/v2\/types\/post"}],"author":[{"embeddable":true,"href":"https:\/\/www.rivera.gub.uy\/transito\/wp-json\/wp\/v2\/users\/2"}],"replies":[{"embeddable":true,"href":"https:\/\/www.rivera.gub.uy\/transito\/wp-json\/wp\/v2\/comments?post=3217"}],"version-history":[{"count":1,"href":"https:\/\/www.rivera.gub.uy\/transito\/wp-json\/wp\/v2\/posts\/3217\/revisions"}],"predecessor-version":[{"id":3228,"href":"https:\/\/www.rivera.gub.uy\/transito\/wp-json\/wp\/v2\/posts\/3217\/revisions\/3228"}],"wp:featuredmedia":[{"embeddable":true,"href":"https:\/\/www.rivera.gub.uy\/transito\/wp-json\/wp\/v2\/media\/3227"}],"wp:attachment":[{"href":"https:\/\/www.rivera.gub.uy\/transito\/wp-json\/wp\/v2\/media?parent=3217"}],"wp:term":[{"taxonomy":"category","embeddable":true,"href":"https:\/\/www.rivera.gub.uy\/transito\/wp-json\/wp\/v2\/categories?post=3217"},{"taxonomy":"post_tag","embeddable":true,"href":"https:\/\/www.rivera.gub.uy\/transito\/wp-json\/wp\/v2\/tags?post=3217"}],"curies":[{"name":"wp","href":"https:\/\/api.w.org\/{rel}","templated":true}]}}