{"id":3688,"date":"2021-01-08T12:12:43","date_gmt":"2021-01-08T12:12:43","guid":{"rendered":"https:\/\/www.rivera.gub.uy\/transito\/?p=3688"},"modified":"2021-01-08T14:00:33","modified_gmt":"2021-01-08T14:00:33","slug":"reacondicionamiento-de-demarcaciones-viales","status":"publish","type":"post","link":"https:\/\/www.rivera.gub.uy\/transito\/reacondicionamiento-de-demarcaciones-viales\/","title":{"rendered":"Reacondicionamiento de se\u00f1alizaciones"},"content":{"rendered":"<p>La se\u00f1alizaci\u00f3n horizontal constituye uno de los pilares en materia de seguridad vial para peatones y conductores.<br \/>\nEn ese marco, la Intendencia Departamental de Rivera, a trav\u00e9s de divisi\u00f3n Se\u00f1alizaci\u00f3n, desarrolla un plan de trabajo para el mantenimiento constante de las mismas en los distintos puntos de nuestra ciudad, consistente en pintar elementos como:<\/p>\n<p><!--more--><\/p>\n<ul>\n<li>Delimitaci\u00f3n de carriles de circulaci\u00f3n.<\/li>\n<li>Separaci\u00f3n de sentidos de circulaci\u00f3n.<\/li>\n<li>Indicaciones del borde de la calzada.<\/li>\n<li>Delimitaci\u00f3n de las zonas excluidas a la circulaci\u00f3n de veh\u00edculos.<\/li>\n<li>Reglamentaciones de la circulaci\u00f3n, de manera especial el adelantamiento, la parada y el estacionamiento.<\/li>\n<li>Completar o precisar el significado de las se\u00f1ales verticales y de los sem\u00e1foros.<\/li>\n<li>Cruces peatonales.<\/li>\n<li>Estacionamientos diferenciados para personas con discapacidad.<\/li>\n<li>Estacionamientos de motos.<\/li>\n<\/ul>\n<p>Las demarcaciones deben realizarse de acuerdo a las normas (tanto en dise\u00f1o como colorimetr\u00eda) a modo de facilitar su inmediata comprensi\u00f3n por los usuarios, aun cuando estos se est\u00e9n desplazando con rapidez.<\/p>\n<div id='gallery-1' class='gallery galleryid-3688 gallery-columns-4 gallery-size-thumbnail'><figure class='gallery-item'>\n\t\t\t<div class='gallery-icon landscape'>\n\t\t\t\t<a href='https:\/\/www.rivera.gub.uy\/transito\/wp-content\/uploads\/2021\/01\/s1-scaled.jpg'><img loading=\"lazy\" decoding=\"async\" width=\"150\" height=\"150\" src=\"https:\/\/www.rivera.gub.uy\/transito\/wp-content\/uploads\/2021\/01\/s1-150x150.jpg\" class=\"attachment-thumbnail size-thumbnail\" alt=\"\" \/><\/a>\n\t\t\t<\/div><\/figure><figure class='gallery-item'>\n\t\t\t<div class='gallery-icon landscape'>\n\t\t\t\t<a href='https:\/\/www.rivera.gub.uy\/transito\/wp-content\/uploads\/2021\/01\/s2-scaled.jpg'><img loading=\"lazy\" decoding=\"async\" width=\"150\" height=\"150\" src=\"https:\/\/www.rivera.gub.uy\/transito\/wp-content\/uploads\/2021\/01\/s2-150x150.jpg\" class=\"attachment-thumbnail size-thumbnail\" alt=\"\" \/><\/a>\n\t\t\t<\/div><\/figure><figure class='gallery-item'>\n\t\t\t<div class='gallery-icon landscape'>\n\t\t\t\t<a href='https:\/\/www.rivera.gub.uy\/transito\/wp-content\/uploads\/2021\/01\/s3-scaled.jpg'><img loading=\"lazy\" decoding=\"async\" width=\"150\" height=\"150\" src=\"https:\/\/www.rivera.gub.uy\/transito\/wp-content\/uploads\/2021\/01\/s3-150x150.jpg\" class=\"attachment-thumbnail size-thumbnail\" alt=\"\" \/><\/a>\n\t\t\t<\/div><\/figure><figure class='gallery-item'>\n\t\t\t<div class='gallery-icon landscape'>\n\t\t\t\t<a href='https:\/\/www.rivera.gub.uy\/transito\/wp-content\/uploads\/2021\/01\/s4-scaled.jpg'><img loading=\"lazy\" decoding=\"async\" width=\"150\" height=\"150\" src=\"https:\/\/www.rivera.gub.uy\/transito\/wp-content\/uploads\/2021\/01\/s4-150x150.jpg\" class=\"attachment-thumbnail size-thumbnail\" alt=\"\" \/><\/a>\n\t\t\t<\/div><\/figure><figure class='gallery-item'>\n\t\t\t<div class='gallery-icon landscape'>\n\t\t\t\t<a href='https:\/\/www.rivera.gub.uy\/transito\/wp-content\/uploads\/2021\/01\/s5-scaled.jpg'><img loading=\"lazy\" decoding=\"async\" width=\"150\" height=\"150\" src=\"https:\/\/www.rivera.gub.uy\/transito\/wp-content\/uploads\/2021\/01\/s5-150x150.jpg\" class=\"attachment-thumbnail size-thumbnail\" alt=\"\" \/><\/a>\n\t\t\t<\/div><\/figure><figure class='gallery-item'>\n\t\t\t<div class='gallery-icon landscape'>\n\t\t\t\t<a href='https:\/\/www.rivera.gub.uy\/transito\/wp-content\/uploads\/2021\/01\/s6-scaled.jpg'><img loading=\"lazy\" decoding=\"async\" width=\"150\" height=\"150\" src=\"https:\/\/www.rivera.gub.uy\/transito\/wp-content\/uploads\/2021\/01\/s6-150x150.jpg\" class=\"attachment-thumbnail size-thumbnail\" alt=\"\" \/><\/a>\n\t\t\t<\/div><\/figure><figure class='gallery-item'>\n\t\t\t<div class='gallery-icon landscape'>\n\t\t\t\t<a href='https:\/\/www.rivera.gub.uy\/transito\/wp-content\/uploads\/2021\/01\/s7-scaled.jpg'><img loading=\"lazy\" decoding=\"async\" width=\"150\" height=\"150\" src=\"https:\/\/www.rivera.gub.uy\/transito\/wp-content\/uploads\/2021\/01\/s7-150x150.jpg\" class=\"attachment-thumbnail size-thumbnail\" alt=\"\" \/><\/a>\n\t\t\t<\/div><\/figure>\n\t\t<\/div>\n\n","protected":false},"excerpt":{"rendered":"<p>La se\u00f1alizaci\u00f3n horizontal constituye uno de los pilares en materia de seguridad vial para peatones y conductores. En ese marco, la Intendencia Departamental de Rivera, a trav\u00e9s de divisi\u00f3n Se\u00f1alizaci\u00f3n, desarrolla un plan de trabajo para el mantenimiento constante de las mismas en los distintos puntos de nuestra ciudad, consistente en pintar elementos como:<\/p>\n","protected":false},"author":2,"featured_media":3700,"comment_status":"open","ping_status":"open","sticky":false,"template":"","format":"standard","meta":{"footnotes":""},"categories":[1],"tags":[20,17,21,14],"class_list":["post-3688","post","type-post","status-publish","format-standard","has-post-thumbnail","hentry","category-novedades","tag-intendencia","tag-rivera","tag-senalizacion","tag-transito"],"_links":{"self":[{"href":"https:\/\/www.rivera.gub.uy\/transito\/wp-json\/wp\/v2\/posts\/3688"}],"collection":[{"href":"https:\/\/www.rivera.gub.uy\/transito\/wp-json\/wp\/v2\/posts"}],"about":[{"href":"https:\/\/www.rivera.gub.uy\/transito\/wp-json\/wp\/v2\/types\/post"}],"author":[{"embeddable":true,"href":"https:\/\/www.rivera.gub.uy\/transito\/wp-json\/wp\/v2\/users\/2"}],"replies":[{"embeddable":true,"href":"https:\/\/www.rivera.gub.uy\/transito\/wp-json\/wp\/v2\/comments?post=3688"}],"version-history":[{"count":4,"href":"https:\/\/www.rivera.gub.uy\/transito\/wp-json\/wp\/v2\/posts\/3688\/revisions"}],"predecessor-version":[{"id":3707,"href":"https:\/\/www.rivera.gub.uy\/transito\/wp-json\/wp\/v2\/posts\/3688\/revisions\/3707"}],"wp:featuredmedia":[{"embeddable":true,"href":"https:\/\/www.rivera.gub.uy\/transito\/wp-json\/wp\/v2\/media\/3700"}],"wp:attachment":[{"href":"https:\/\/www.rivera.gub.uy\/transito\/wp-json\/wp\/v2\/media?parent=3688"}],"wp:term":[{"taxonomy":"category","embeddable":true,"href":"https:\/\/www.rivera.gub.uy\/transito\/wp-json\/wp\/v2\/categories?post=3688"},{"taxonomy":"post_tag","embeddable":true,"href":"https:\/\/www.rivera.gub.uy\/transito\/wp-json\/wp\/v2\/tags?post=3688"}],"curies":[{"name":"wp","href":"https:\/\/api.w.org\/{rel}","templated":true}]}}