{"id":3823,"date":"2021-02-12T17:34:23","date_gmt":"2021-02-12T17:34:23","guid":{"rendered":"https:\/\/www.rivera.gub.uy\/transito\/?p=3823"},"modified":"2021-02-12T17:34:23","modified_gmt":"2021-02-12T17:34:23","slug":"en-2021-los-ninos-educaran-a-peatones","status":"publish","type":"post","link":"https:\/\/www.rivera.gub.uy\/transito\/en-2021-los-ninos-educaran-a-peatones\/","title":{"rendered":"En 2021 los ni\u00f1os educar\u00e1n a peatones"},"content":{"rendered":"<p>Desde la Intendencia Departamental de Rivera, a trav\u00e9s de la oficina de Educaci\u00f3n, Prevenci\u00f3n y Formaci\u00f3n de Seguridad Vial de la Direcci\u00f3n General de Tr\u00e1nsito y Transporte, se trabaja con los centros educativos en todos los niveles, con el objetivo de sensibilizar y promover medidas de seguridad desde temprana edad.<!--more--><\/p>\n<p>Ordinariamente los talleres son presenciales, visitando las clases, haci\u00e9ndolas muy interactivas y utilizando material audiovisual, as\u00ed como se\u00f1ales, carteles, etc. En virtud de la pandemia decretada en marzo del a\u00f1o pasado, se recurri\u00f3 a la virtualidad para cumplir con la planificaci\u00f3n, habiendo llegando a un 70% de los inscriptos en el programa.<\/p>\n<p>Para el presente a\u00f1o, se piensa trabajar con la virtualidad y tambi\u00e9n, con peque\u00f1os grupos de ni\u00f1os escolares, para que sean ellos, quienes \u201caprendan ense\u00f1ando\u201d a los peatones todo lo relativo a cruces, preferencias, lugares habilitados ya sea por se\u00f1alizaci\u00f3n horizontal o vertical, como cruzar la calle en las esquinas, entre otros aspectos importantes para circular con seguridad.<\/p>\n<p>La educaci\u00f3n vial busca formar futuros conductores responsables y que sean los ni\u00f1os, quienes repliquen en sus hogares, las normas y cuidados que pueden salvar vidas.<\/p>\n<p>&nbsp;<\/p>\n<div id='gallery-1' class='gallery galleryid-3823 gallery-columns-3 gallery-size-thumbnail'><figure class='gallery-item'>\n\t\t\t<div class='gallery-icon landscape'>\n\t\t\t\t<a href='https:\/\/www.rivera.gub.uy\/transito\/wp-content\/uploads\/2021\/02\/educacion-vial-1.jpg'><img loading=\"lazy\" decoding=\"async\" width=\"150\" height=\"150\" src=\"https:\/\/www.rivera.gub.uy\/transito\/wp-content\/uploads\/2021\/02\/educacion-vial-1-150x150.jpg\" class=\"attachment-thumbnail size-thumbnail\" alt=\"\" \/><\/a>\n\t\t\t<\/div><\/figure><figure class='gallery-item'>\n\t\t\t<div class='gallery-icon landscape'>\n\t\t\t\t<a href='https:\/\/www.rivera.gub.uy\/transito\/wp-content\/uploads\/2021\/02\/educacion-vial-2.jpg'><img loading=\"lazy\" decoding=\"async\" width=\"150\" height=\"150\" src=\"https:\/\/www.rivera.gub.uy\/transito\/wp-content\/uploads\/2021\/02\/educacion-vial-2-150x150.jpg\" class=\"attachment-thumbnail size-thumbnail\" alt=\"\" \/><\/a>\n\t\t\t<\/div><\/figure><figure class='gallery-item'>\n\t\t\t<div class='gallery-icon landscape'>\n\t\t\t\t<a href='https:\/\/www.rivera.gub.uy\/transito\/wp-content\/uploads\/2021\/02\/educacion-vial-4.jpg'><img loading=\"lazy\" decoding=\"async\" width=\"150\" height=\"150\" src=\"https:\/\/www.rivera.gub.uy\/transito\/wp-content\/uploads\/2021\/02\/educacion-vial-4-150x150.jpg\" class=\"attachment-thumbnail size-thumbnail\" alt=\"\" \/><\/a>\n\t\t\t<\/div><\/figure>\n\t\t<\/div>\n\n","protected":false},"excerpt":{"rendered":"<p>Desde la Intendencia Departamental de Rivera, a trav\u00e9s de la oficina de Educaci\u00f3n, Prevenci\u00f3n y Formaci\u00f3n de Seguridad Vial de la Direcci\u00f3n General de Tr\u00e1nsito y Transporte, se trabaja con los centros educativos en todos los niveles, con el objetivo de sensibilizar y promover medidas de seguridad desde temprana edad.<\/p>\n","protected":false},"author":2,"featured_media":3825,"comment_status":"open","ping_status":"open","sticky":false,"template":"","format":"standard","meta":{"footnotes":""},"categories":[1],"tags":[63,20,17,64],"class_list":["post-3823","post","type-post","status-publish","format-standard","has-post-thumbnail","hentry","category-novedades","tag-educacion","tag-intendencia","tag-rivera","tag-vial"],"_links":{"self":[{"href":"https:\/\/www.rivera.gub.uy\/transito\/wp-json\/wp\/v2\/posts\/3823"}],"collection":[{"href":"https:\/\/www.rivera.gub.uy\/transito\/wp-json\/wp\/v2\/posts"}],"about":[{"href":"https:\/\/www.rivera.gub.uy\/transito\/wp-json\/wp\/v2\/types\/post"}],"author":[{"embeddable":true,"href":"https:\/\/www.rivera.gub.uy\/transito\/wp-json\/wp\/v2\/users\/2"}],"replies":[{"embeddable":true,"href":"https:\/\/www.rivera.gub.uy\/transito\/wp-json\/wp\/v2\/comments?post=3823"}],"version-history":[{"count":1,"href":"https:\/\/www.rivera.gub.uy\/transito\/wp-json\/wp\/v2\/posts\/3823\/revisions"}],"predecessor-version":[{"id":3827,"href":"https:\/\/www.rivera.gub.uy\/transito\/wp-json\/wp\/v2\/posts\/3823\/revisions\/3827"}],"wp:featuredmedia":[{"embeddable":true,"href":"https:\/\/www.rivera.gub.uy\/transito\/wp-json\/wp\/v2\/media\/3825"}],"wp:attachment":[{"href":"https:\/\/www.rivera.gub.uy\/transito\/wp-json\/wp\/v2\/media?parent=3823"}],"wp:term":[{"taxonomy":"category","embeddable":true,"href":"https:\/\/www.rivera.gub.uy\/transito\/wp-json\/wp\/v2\/categories?post=3823"},{"taxonomy":"post_tag","embeddable":true,"href":"https:\/\/www.rivera.gub.uy\/transito\/wp-json\/wp\/v2\/tags?post=3823"}],"curies":[{"name":"wp","href":"https:\/\/api.w.org\/{rel}","templated":true}]}}