{"id":4164,"date":"2021-05-11T13:39:09","date_gmt":"2021-05-11T13:39:09","guid":{"rendered":"https:\/\/www.rivera.gub.uy\/transito\/?p=4164"},"modified":"2021-05-19T15:22:14","modified_gmt":"2021-05-19T15:22:14","slug":"cronograma-de-actividades-mayo-amarillo-2021","status":"publish","type":"post","link":"https:\/\/www.rivera.gub.uy\/transito\/cronograma-de-actividades-mayo-amarillo-2021\/","title":{"rendered":"Cronograma de actividades Mayo Amarillo 2021"},"content":{"rendered":"<p>Bajo el slogan #C\u00f3moTeMov\u00e9s, Mayo Amarillo 2021 nos interpela sobre las decisiones que tomamos en el tr\u00e1nsito.<\/p>\n<p><!--more--><\/p>\n<p>En Rivera, a trav\u00e9s de Divisi\u00f3n Educaci\u00f3n Vial, el movimiento lleva adelante diversas actividades en este mes dedicado a concientizar sobre la seguridad vial.<\/p>\n<p>Cronograma:<\/p>\n<ul>\n<li><strong>12 de mayo<\/strong>\n<ul>\n<li>11:00 &#8211; lazo identificativo en Intendencia de Rivera,<br \/>\ncon intendente Cr. Richard Sander y director general de tr\u00e1nsito, Mauricio Gonz\u00e1lez<\/li>\n<li>12:00 &#8211; lazo identificativo en Prefeitura de Livramento,<br \/>\ncon prefeita Ana Tarouco, secretario do tr\u00e1nsito Jos\u00e9 Serpa<\/li>\n<li>14:00 &#8211; actividad virtual con Escuela N\u00b0 96<\/li>\n<\/ul>\n<\/li>\n<\/ul>\n<ul>\n<li><strong>14 de mayo<\/strong>\n<ul>\n<li>11:00 &#8211; actividad virtual con Escuela N\u00b0 109<\/li>\n<\/ul>\n<\/li>\n<\/ul>\n<ul>\n<li><strong>19 de mayo<\/strong>\n<ul>\n<li>11:00 &#8211; Actividad virtual con Escuela N\u00b0 4 de Minas de Corrales<\/li>\n<li>11:00 &#8211; Actividad virtual con Escuela N\u00b0 38 de San Gregorio<\/li>\n<li>11:00 &#8211; Disertaci\u00f3n a cargo del Gerente de Capacitaci\u00f3n Math\u00edas Silva &#8211; Fundaci\u00f3n Gonzalo Rodr\u00edguez<\/li>\n<\/ul>\n<\/li>\n<\/ul>\n<ul>\n<li><strong>24 de mayo<\/strong>\n<ul>\n<li>11:00 &#8211; Actividades con Escuela N\u00b0 24 Vichadero, Paso del Parque, Paso Hospital, Las Flores, La<br \/>\nPuente y Cerrillada<\/li>\n<li>11:00 &#8211; Disertaci\u00f3n a cargo del Gerente de Capacitaci\u00f3n Math\u00edas Silva &#8211; Fundaci\u00f3n Gonzalo Rodr\u00edguez<\/li>\n<\/ul>\n<\/li>\n<li><strong>25 de mayo<\/strong>\n<ul>\n<li>10:00 &#8211; lazo identificativo en Alcald\u00eda de Tranqueras<\/li>\n<li>11:00 &#8211; reuni\u00f3n con el consejo.<\/li>\n<\/ul>\n<\/li>\n<\/ul>\n<ul>\n<li><strong>26 de mayo<\/strong>\n<ul>\n<li>11:00 &#8211; Disertaci\u00f3n sobre Seguridad Vial y Movilidad Post Pandemia, Acciones y Estrategia, a cargo de la Dr. Gaby Lencina, ex Coordinadora del \u00c1rea Jur\u00eddica de UNASEV (2007-2020). Docente y Especialista en Gesti\u00f3n de la Seguridad Vial.<br \/>\nAcced\u00e9 a la reuni\u00f3n <a href=\"https:\/\/us02web.zoom.us\/j\/82506201260?pwd=SzNPWUwrNXRkaGJoZnNTb2MvcWljdz09\" target=\"_blank\" rel=\"noopener noreferrer\">aqu\u00ed<\/a>\u00a0 (ID: 825 0620 1260 &#8211; C\u00f3digo Acceso: <strong>837564<\/strong>)<\/li>\n<\/ul>\n<\/li>\n<\/ul>\n<ul>\n<li><strong>28 de mayo<\/strong>\n<ul>\n<li>11:00 &#8211; Agrupamientos rurales de las Escuelas N\u00b0 79, N\u00b0 21, N\u00b0 66, N\u00b0 62 y N\u00b0 76<\/li>\n<\/ul>\n<\/li>\n<\/ul>\n<p>Mayo Amarillo es un movimiento internacional que busca la <span class=\"color_14\">participaci\u00f3n masiva de toda la sociedad: ciudadanos, empresas, entidades, organismos p\u00fablicos y privados, en pro de un tr\u00e1nsito m\u00e1s seguro.<\/span><\/p>\n<p>&nbsp;<\/p>\n","protected":false},"excerpt":{"rendered":"<p>Bajo el slogan #C\u00f3moTeMov\u00e9s, Mayo Amarillo 2021 nos interpela sobre las decisiones que tomamos en el tr\u00e1nsito.<\/p>\n","protected":false},"author":2,"featured_media":4165,"comment_status":"open","ping_status":"open","sticky":false,"template":"","format":"standard","meta":{"footnotes":""},"categories":[1],"tags":[20,67,17,31,18,14],"class_list":["post-4164","post","type-post","status-publish","format-standard","has-post-thumbnail","hentry","category-novedades","tag-intendencia","tag-mayo-amarillo","tag-rivera","tag-seguridad","tag-seguridad-vial","tag-transito"],"_links":{"self":[{"href":"https:\/\/www.rivera.gub.uy\/transito\/wp-json\/wp\/v2\/posts\/4164"}],"collection":[{"href":"https:\/\/www.rivera.gub.uy\/transito\/wp-json\/wp\/v2\/posts"}],"about":[{"href":"https:\/\/www.rivera.gub.uy\/transito\/wp-json\/wp\/v2\/types\/post"}],"author":[{"embeddable":true,"href":"https:\/\/www.rivera.gub.uy\/transito\/wp-json\/wp\/v2\/users\/2"}],"replies":[{"embeddable":true,"href":"https:\/\/www.rivera.gub.uy\/transito\/wp-json\/wp\/v2\/comments?post=4164"}],"version-history":[{"count":8,"href":"https:\/\/www.rivera.gub.uy\/transito\/wp-json\/wp\/v2\/posts\/4164\/revisions"}],"predecessor-version":[{"id":4193,"href":"https:\/\/www.rivera.gub.uy\/transito\/wp-json\/wp\/v2\/posts\/4164\/revisions\/4193"}],"wp:featuredmedia":[{"embeddable":true,"href":"https:\/\/www.rivera.gub.uy\/transito\/wp-json\/wp\/v2\/media\/4165"}],"wp:attachment":[{"href":"https:\/\/www.rivera.gub.uy\/transito\/wp-json\/wp\/v2\/media?parent=4164"}],"wp:term":[{"taxonomy":"category","embeddable":true,"href":"https:\/\/www.rivera.gub.uy\/transito\/wp-json\/wp\/v2\/categories?post=4164"},{"taxonomy":"post_tag","embeddable":true,"href":"https:\/\/www.rivera.gub.uy\/transito\/wp-json\/wp\/v2\/tags?post=4164"}],"curies":[{"name":"wp","href":"https:\/\/api.w.org\/{rel}","templated":true}]}}