{"id":46490,"date":"2024-10-09T15:30:30","date_gmt":"2024-10-09T15:30:30","guid":{"rendered":"https:\/\/www.rivera.gub.uy\/transito\/?p=46490"},"modified":"2024-10-10T12:17:53","modified_gmt":"2024-10-10T12:17:53","slug":"xvii-semana-nacional-de-la-seguridad-vial","status":"publish","type":"post","link":"https:\/\/www.rivera.gub.uy\/transito\/xvii-semana-nacional-de-la-seguridad-vial\/","title":{"rendered":"XVII Semana Nacional de la Seguridad Vial"},"content":{"rendered":"<p>El pr\u00f3ximo 14 de octubre comienza la XVII Semana Nacional de la Seguridad Vial, la cual apunta una vez m\u00e1s a diversificar conocimiento y difusi\u00f3n de buenas pr\u00e1cticas en el tr\u00e1nsito y la movilidad, a nivel pa\u00eds.<!--more--><\/p>\n<p>En ese contexto, la Unidad de Educaci\u00f3n, Prevenci\u00f3n y Formaci\u00f3n en Educaci\u00f3n Vial, realizar\u00e1 diversas actividades a lo largo de la semana, que culminar\u00e1n con la \u00abMarcha por la vida\u00bb, el viernes 18 de octubre.<\/p>\n<p>La concentraci\u00f3n ser\u00e1 en Plaza Artigas, a las 9 horas, para marchar hacia el Parque Internacional, por Av. Sarand\u00ed.<\/p>\n<h3>Cronograma de la XVII Semana Nacional de la Seguridad Vial<\/h3>\n<ul>\n<li><strong>Lunes 14:<\/strong><br \/>\nConferencia de prensa \u2013 Sal\u00f3n de Actos de la IDR, 9:00 horas.<\/li>\n<li><strong>Martes 15:<\/strong><br \/>\nTaller pr\u00e1ctico con ni\u00f1os de la Escuela N\u00b08.<br \/>\nEstudios de se\u00f1ales horizontales y verticales (entrega de folletos).<\/li>\n<li><strong>Mi\u00e9rcoles 16:<\/strong><br \/>\nTaller pr\u00e1ctico con ni\u00f1os de la Escuela N\u00b0140.<br \/>\nEstudios de se\u00f1ales horizontales y verticales (entrega de folletos).<\/li>\n<li><strong>Jueves 17:<\/strong><br \/>\nEscuelita itinerante en Parque Internacional (hora 10:00).<\/li>\n<li><strong>Viernes 18:<\/strong><br \/>\n\u00abMarcha por la vida\u00bb, desde Plaza Artigas hasta Parque Internacional, por Av. Sarand\u00ed (Concentraci\u00f3n hora 9:00).<\/li>\n<\/ul>\n","protected":false},"excerpt":{"rendered":"<p>El pr\u00f3ximo 14 de octubre comienza la XVII Semana Nacional de la Seguridad Vial, la cual apunta una vez m\u00e1s a diversificar conocimiento y difusi\u00f3n de buenas pr\u00e1cticas en el tr\u00e1nsito y la movilidad, a nivel pa\u00eds.<\/p>\n","protected":false},"author":1,"featured_media":46492,"comment_status":"open","ping_status":"open","sticky":false,"template":"","format":"standard","meta":{"footnotes":""},"categories":[1],"tags":[],"class_list":["post-46490","post","type-post","status-publish","format-standard","has-post-thumbnail","hentry","category-novedades"],"_links":{"self":[{"href":"https:\/\/www.rivera.gub.uy\/transito\/wp-json\/wp\/v2\/posts\/46490"}],"collection":[{"href":"https:\/\/www.rivera.gub.uy\/transito\/wp-json\/wp\/v2\/posts"}],"about":[{"href":"https:\/\/www.rivera.gub.uy\/transito\/wp-json\/wp\/v2\/types\/post"}],"author":[{"embeddable":true,"href":"https:\/\/www.rivera.gub.uy\/transito\/wp-json\/wp\/v2\/users\/1"}],"replies":[{"embeddable":true,"href":"https:\/\/www.rivera.gub.uy\/transito\/wp-json\/wp\/v2\/comments?post=46490"}],"version-history":[{"count":2,"href":"https:\/\/www.rivera.gub.uy\/transito\/wp-json\/wp\/v2\/posts\/46490\/revisions"}],"predecessor-version":[{"id":46493,"href":"https:\/\/www.rivera.gub.uy\/transito\/wp-json\/wp\/v2\/posts\/46490\/revisions\/46493"}],"wp:featuredmedia":[{"embeddable":true,"href":"https:\/\/www.rivera.gub.uy\/transito\/wp-json\/wp\/v2\/media\/46492"}],"wp:attachment":[{"href":"https:\/\/www.rivera.gub.uy\/transito\/wp-json\/wp\/v2\/media?parent=46490"}],"wp:term":[{"taxonomy":"category","embeddable":true,"href":"https:\/\/www.rivera.gub.uy\/transito\/wp-json\/wp\/v2\/categories?post=46490"},{"taxonomy":"post_tag","embeddable":true,"href":"https:\/\/www.rivera.gub.uy\/transito\/wp-json\/wp\/v2\/tags?post=46490"}],"curies":[{"name":"wp","href":"https:\/\/api.w.org\/{rel}","templated":true}]}}