{"id":5136,"date":"2023-10-02T13:57:45","date_gmt":"2023-10-02T13:57:45","guid":{"rendered":"https:\/\/www.rivera.gub.uy\/transito\/?p=5136"},"modified":"2023-10-02T13:57:45","modified_gmt":"2023-10-02T13:57:45","slug":"xvi-semana-nacional-de-la-seguridad-vial","status":"publish","type":"post","link":"https:\/\/www.rivera.gub.uy\/transito\/xvi-semana-nacional-de-la-seguridad-vial\/","title":{"rendered":"XVI Semana Nacional de la Seguridad Vial"},"content":{"rendered":"<p>El pr\u00f3ximo 9 de octubre comienza la <strong>XVI Semana Nacional de la Seguridad Vial<\/strong>, la cual apunta una vez m\u00e1s a diversificar conocimiento y difusi\u00f3n de buenas pr\u00e1cticas en el tr\u00e1nsito y la movilidad, a nivel pa\u00eds.<\/p>\n<p><!--more--><\/p>\n<p>En ese contexto, la Unidad de Educaci\u00f3n, Prevenci\u00f3n y Formaci\u00f3n en Educaci\u00f3n Vial, realizar\u00e1 diversas actividades a lo largo de la semana, que culminar\u00e1n con la \u00abMarcha por la vida\u00bb, el viernes 13 de octubre.<\/p>\n<p>La concentraci\u00f3n ser\u00e1 en Plaza Artigas, a las 9 horas, para marchar hacia el Parque Internacional, por Av. Sarand\u00ed.<\/p>\n<h3>Cronograma de la XVI Semana Nacional de la Seguridad Vial<\/h3>\n<ul>\n<li><strong>Lunes 9:<\/strong><br \/>\nConferencia de prensa &#8211; Sal\u00f3n de Actos de la IDR, 9:00 horas.<br \/>\nCurso Parto Emergencia &#8211; Club de Leones<\/li>\n<li><strong>Martes 10:<\/strong><br \/>\nTaller pr\u00e1ctico con ni\u00f1os de la Escuela N\u00b02, turnos matutino y vespertino.<\/li>\n<li><strong>Mi\u00e9rcoles 11:<\/strong><br \/>\nActividades con ni\u00f1os de la Escuela N\u00b04 de Minas de Corrales, y ciclopaseo por la Villa.<\/li>\n<li><strong>Jueves 12:<\/strong><br \/>\nProyecto Social de Tr\u00e1nsito V\u00edas F\u00e9rreas en la Escuela N\u00b0 116, 13:00 horas.<\/li>\n<li><strong>Viernes 13:<\/strong><br \/>\n\u00abMarcha por la vida\u00bb, desde Plaza Artigas hasta Parque Internacional, por Av. Sarand\u00ed.<\/li>\n<\/ul>\n","protected":false},"excerpt":{"rendered":"<p>El pr\u00f3ximo 9 de octubre comienza la XVI Semana Nacional de la Seguridad Vial, la cual apunta una vez m\u00e1s a diversificar conocimiento y difusi\u00f3n de buenas pr\u00e1cticas en el tr\u00e1nsito y la movilidad, a nivel pa\u00eds.<\/p>\n","protected":false},"author":1,"featured_media":5138,"comment_status":"open","ping_status":"open","sticky":false,"template":"","format":"standard","meta":{"footnotes":""},"categories":[1],"tags":[],"class_list":["post-5136","post","type-post","status-publish","format-standard","has-post-thumbnail","hentry","category-novedades"],"_links":{"self":[{"href":"https:\/\/www.rivera.gub.uy\/transito\/wp-json\/wp\/v2\/posts\/5136"}],"collection":[{"href":"https:\/\/www.rivera.gub.uy\/transito\/wp-json\/wp\/v2\/posts"}],"about":[{"href":"https:\/\/www.rivera.gub.uy\/transito\/wp-json\/wp\/v2\/types\/post"}],"author":[{"embeddable":true,"href":"https:\/\/www.rivera.gub.uy\/transito\/wp-json\/wp\/v2\/users\/1"}],"replies":[{"embeddable":true,"href":"https:\/\/www.rivera.gub.uy\/transito\/wp-json\/wp\/v2\/comments?post=5136"}],"version-history":[{"count":1,"href":"https:\/\/www.rivera.gub.uy\/transito\/wp-json\/wp\/v2\/posts\/5136\/revisions"}],"predecessor-version":[{"id":5137,"href":"https:\/\/www.rivera.gub.uy\/transito\/wp-json\/wp\/v2\/posts\/5136\/revisions\/5137"}],"wp:featuredmedia":[{"embeddable":true,"href":"https:\/\/www.rivera.gub.uy\/transito\/wp-json\/wp\/v2\/media\/5138"}],"wp:attachment":[{"href":"https:\/\/www.rivera.gub.uy\/transito\/wp-json\/wp\/v2\/media?parent=5136"}],"wp:term":[{"taxonomy":"category","embeddable":true,"href":"https:\/\/www.rivera.gub.uy\/transito\/wp-json\/wp\/v2\/categories?post=5136"},{"taxonomy":"post_tag","embeddable":true,"href":"https:\/\/www.rivera.gub.uy\/transito\/wp-json\/wp\/v2\/tags?post=5136"}],"curies":[{"name":"wp","href":"https:\/\/api.w.org\/{rel}","templated":true}]}}