{"id":5139,"date":"2023-10-31T12:27:06","date_gmt":"2023-10-31T12:27:06","guid":{"rendered":"https:\/\/www.rivera.gub.uy\/transito\/?p=5139"},"modified":"2023-10-31T12:27:06","modified_gmt":"2023-10-31T12:27:06","slug":"cierre-del-6to-concurso-escolar-la-voz-de-los-ninos","status":"publish","type":"post","link":"https:\/\/www.rivera.gub.uy\/transito\/cierre-del-6to-concurso-escolar-la-voz-de-los-ninos\/","title":{"rendered":"Cierre del 6to Concurso Escolar \u00abLa voz de los ni\u00f1os\u00bb"},"content":{"rendered":"<p>El pr\u00f3ximo martes 7 de noviembre, se realizar\u00e1 el cierre y la entrega de premios del 6to Concurso Escolar de tr\u00e1nsito \u00abLa voz de los ni\u00f1os\u00bb- En el tr\u00e1nsito, el sentido es la vida.<\/p>\n<p><!--more--><\/p>\n<p>Dicho evento tendr\u00e1 lugar en el Teatro de Verano, a las 19:00 horas.<\/p>\n<p>En esta oportunidad, el Concurso Escolar cont\u00f3 con la participaci\u00f3n de m\u00e1s de 60 grupos de todo el departamento, adem\u00e1s se sum\u00f3 una nueva categor\u00eda, que incluye ni\u00f1os de entre 3 y 5 a\u00f1os.<\/p>\n<p>Este a\u00f1o se entregar\u00e1n 16 premios, entre los cuales se encuentra una menci\u00f3n especial, premios a los grupos ganadores y premios a las Escuelas.<\/p>\n<p>Listado de finalistas:<\/p>\n<ul>\n<li>Jard\u00edn 108<\/li>\n<li>Jard\u00edn 137<\/li>\n<li>Jard\u00edn 155<\/li>\n<li>Escuela 64<\/li>\n<li>Escuela 71<\/li>\n<li>Escuela 109<\/li>\n<li>Escuela 113<\/li>\n<li>Escuela 128<\/li>\n<li>Escuela 154<\/li>\n<li>Escuela 7<\/li>\n<li>Escuela 8<\/li>\n<li>Escuela 9<\/li>\n<li>Escuela 44<\/li>\n<li>Escuela 120<\/li>\n<li>Asociaci\u00f3n Down<\/li>\n<li>Greenland School<\/li>\n<\/ul>\n<p>&nbsp;<\/p>\n<p>&nbsp;<\/p>\n","protected":false},"excerpt":{"rendered":"<p>El pr\u00f3ximo martes 7 de noviembre, se realizar\u00e1 el cierre y la entrega de premios del 6to Concurso Escolar de tr\u00e1nsito \u00abLa voz de los ni\u00f1os\u00bb- En el tr\u00e1nsito, el sentido es la vida.<\/p>\n","protected":false},"author":1,"featured_media":5140,"comment_status":"open","ping_status":"open","sticky":false,"template":"","format":"standard","meta":{"footnotes":""},"categories":[1],"tags":[],"class_list":["post-5139","post","type-post","status-publish","format-standard","has-post-thumbnail","hentry","category-novedades"],"_links":{"self":[{"href":"https:\/\/www.rivera.gub.uy\/transito\/wp-json\/wp\/v2\/posts\/5139"}],"collection":[{"href":"https:\/\/www.rivera.gub.uy\/transito\/wp-json\/wp\/v2\/posts"}],"about":[{"href":"https:\/\/www.rivera.gub.uy\/transito\/wp-json\/wp\/v2\/types\/post"}],"author":[{"embeddable":true,"href":"https:\/\/www.rivera.gub.uy\/transito\/wp-json\/wp\/v2\/users\/1"}],"replies":[{"embeddable":true,"href":"https:\/\/www.rivera.gub.uy\/transito\/wp-json\/wp\/v2\/comments?post=5139"}],"version-history":[{"count":1,"href":"https:\/\/www.rivera.gub.uy\/transito\/wp-json\/wp\/v2\/posts\/5139\/revisions"}],"predecessor-version":[{"id":5141,"href":"https:\/\/www.rivera.gub.uy\/transito\/wp-json\/wp\/v2\/posts\/5139\/revisions\/5141"}],"wp:featuredmedia":[{"embeddable":true,"href":"https:\/\/www.rivera.gub.uy\/transito\/wp-json\/wp\/v2\/media\/5140"}],"wp:attachment":[{"href":"https:\/\/www.rivera.gub.uy\/transito\/wp-json\/wp\/v2\/media?parent=5139"}],"wp:term":[{"taxonomy":"category","embeddable":true,"href":"https:\/\/www.rivera.gub.uy\/transito\/wp-json\/wp\/v2\/categories?post=5139"},{"taxonomy":"post_tag","embeddable":true,"href":"https:\/\/www.rivera.gub.uy\/transito\/wp-json\/wp\/v2\/tags?post=5139"}],"curies":[{"name":"wp","href":"https:\/\/api.w.org\/{rel}","templated":true}]}}