{"id":5158,"date":"2024-04-15T17:52:42","date_gmt":"2024-04-15T17:52:42","guid":{"rendered":"https:\/\/www.rivera.gub.uy\/transito\/?p=5158"},"modified":"2024-04-15T17:53:18","modified_gmt":"2024-04-15T17:53:18","slug":"participa-de-la-3ra-edicion-de-ciclopaseo-en-el-marco-de-mayo-amarillo","status":"publish","type":"post","link":"https:\/\/www.rivera.gub.uy\/transito\/participa-de-la-3ra-edicion-de-ciclopaseo-en-el-marco-de-mayo-amarillo\/","title":{"rendered":"Particip\u00e1 de la 3ra. Edici\u00f3n de Ciclopaseo en el marco de Mayo Amarillo"},"content":{"rendered":"<p>El s\u00e1bado 11 de mayo, a las 9:30 horas, la Unidad de Educaci\u00f3n, Prevenci\u00f3n y Formaci\u00f3n en Educaci\u00f3n Vial llevar\u00e1 a cabo la 3ra. Edici\u00f3n de Ciclopaseo en el marco de Mayo Amarillo 2024 &#8211; \u00abLa paz en el tr\u00e1nsito empieza contigo\u00bb.<\/p>\n<p>Los interesados en participar, pueden inscribirse en el siguiente formulario (<a href=\"https:\/\/forms.gle\/gYeTimWV52FgnEfk8\">click aqu\u00ed<\/a>)<\/p>\n<p><strong>Los primeros 200 inscriptos se llevan una remera de regalo!<\/strong><\/p>\n","protected":false},"excerpt":{"rendered":"<p>El s\u00e1bado 11 de mayo, a las 9:30 horas, la Unidad de Educaci\u00f3n, Prevenci\u00f3n y Formaci\u00f3n en Educaci\u00f3n Vial llevar\u00e1 a cabo la 3ra. Edici\u00f3n de Ciclopaseo en el marco de Mayo Amarillo 2024 &#8211; \u00abLa paz en el tr\u00e1nsito empieza contigo\u00bb. Los interesados en participar, pueden inscribirse en el siguiente formulario (click aqu\u00ed) Los [&hellip;]<\/p>\n","protected":false},"author":1,"featured_media":5160,"comment_status":"open","ping_status":"open","sticky":false,"template":"","format":"standard","meta":{"footnotes":""},"categories":[1],"tags":[],"class_list":["post-5158","post","type-post","status-publish","format-standard","has-post-thumbnail","hentry","category-novedades"],"_links":{"self":[{"href":"https:\/\/www.rivera.gub.uy\/transito\/wp-json\/wp\/v2\/posts\/5158"}],"collection":[{"href":"https:\/\/www.rivera.gub.uy\/transito\/wp-json\/wp\/v2\/posts"}],"about":[{"href":"https:\/\/www.rivera.gub.uy\/transito\/wp-json\/wp\/v2\/types\/post"}],"author":[{"embeddable":true,"href":"https:\/\/www.rivera.gub.uy\/transito\/wp-json\/wp\/v2\/users\/1"}],"replies":[{"embeddable":true,"href":"https:\/\/www.rivera.gub.uy\/transito\/wp-json\/wp\/v2\/comments?post=5158"}],"version-history":[{"count":2,"href":"https:\/\/www.rivera.gub.uy\/transito\/wp-json\/wp\/v2\/posts\/5158\/revisions"}],"predecessor-version":[{"id":5161,"href":"https:\/\/www.rivera.gub.uy\/transito\/wp-json\/wp\/v2\/posts\/5158\/revisions\/5161"}],"wp:featuredmedia":[{"embeddable":true,"href":"https:\/\/www.rivera.gub.uy\/transito\/wp-json\/wp\/v2\/media\/5160"}],"wp:attachment":[{"href":"https:\/\/www.rivera.gub.uy\/transito\/wp-json\/wp\/v2\/media?parent=5158"}],"wp:term":[{"taxonomy":"category","embeddable":true,"href":"https:\/\/www.rivera.gub.uy\/transito\/wp-json\/wp\/v2\/categories?post=5158"},{"taxonomy":"post_tag","embeddable":true,"href":"https:\/\/www.rivera.gub.uy\/transito\/wp-json\/wp\/v2\/tags?post=5158"}],"curies":[{"name":"wp","href":"https:\/\/api.w.org\/{rel}","templated":true}]}}