{"id":937,"date":"2017-10-12T14:08:27","date_gmt":"2017-10-12T14:08:27","guid":{"rendered":"http:\/\/www.rivera.gub.uy\/transito\/?p=937"},"modified":"2017-10-12T17:21:03","modified_gmt":"2017-10-12T17:21:03","slug":"semana-de-la-seguridad-vial","status":"publish","type":"post","link":"https:\/\/www.rivera.gub.uy\/transito\/semana-de-la-seguridad-vial\/","title":{"rendered":"Semana de la Seguridad Vial"},"content":{"rendered":"<p>En el marco de la X Semana de la Seguridad Vial, TELEDIARIO consult\u00f3 al director general de Tr\u00e1nsito, Mauricio Gonz\u00e1lez, sobre una posible incrementaci\u00f3n de los controles en v\u00eda p\u00fablica.<!--more--><\/p>\n<p><span class=\"text_exposed_show\">El mismo, manifest\u00f3 que se mantendr\u00e1 el trabajo que se viene realizando hasta el momento.<\/span><\/p>\n<div class=\"text_exposed_show\">\n<p>Adem\u00e1s se\u00f1al\u00f3, que \u00aben lo que va del a\u00f1o han fallecido 9 personas en siniestros de tr\u00e1nsito a nivel departamental, un n\u00famero que preocupa, aunque a\u00fan <strong>Rivera se mantiene por debajo del promedio nacional<\/strong>\u00ab.<\/p>\n<div id=\"fb-root\"><\/div>\n<p><script>(function(d, s, id) {  var js, fjs = d.getElementsByTagName(s)[0];  if (d.getElementById(id)) return;  js = d.createElement(s); js.id = id;  js.src = \"\/\/connect.facebook.net\/es_LA\/sdk.js#xfbml=1&version=v2.10\";  fjs.parentNode.insertBefore(js, fjs);}(document, 'script', 'facebook-jssdk'));<\/script><\/p>\n<div class=\"fb-video\" data-href=\"https:\/\/www.facebook.com\/telediariotv10\/videos\/890728764426513\/\" data-width=\"1160\">\n<blockquote cite=\"https:\/\/www.facebook.com\/telediariotv10\/videos\/890728764426513\/\" class=\"fb-xfbml-parse-ignore\"><p><a href=\"https:\/\/www.facebook.com\/telediariotv10\/videos\/890728764426513\/\"><\/a><\/p>\n<p>En el marco de la Semana de la Seguridad Vial, TELEDIARIO consult\u00f3 al director general de Tr\u00e1nsito si se incrementar\u00edan los controles en la v\u00eda p\u00fablica. Seg\u00fan el jerarca, se mantendr\u00e1 el trabajo que se viene realizando hasta el momento. Adem\u00e1s se\u00f1alo que en lo que va del a\u00f1o han fallecido 9 personas en siniestros de tr\u00e1nsito a nivel departamental, un n\u00famero que preocupa, se\u00f1al\u00f3 Mauricio Gonz\u00e1lez, aunque a\u00fan Rivera se mantiene por debajo del promedio nacional.<\/p>\n<p>Posted by <a href=\"https:\/\/www.facebook.com\/telediariotv10\/\">Telediario Rivera Diez<\/a> on martes, 10 de octubre de 2017<\/p><\/blockquote>\n<\/div>\n<p>&nbsp;<\/p>\n<\/div>\n","protected":false},"excerpt":{"rendered":"<p>En el marco de la X Semana de la Seguridad Vial, TELEDIARIO consult\u00f3 al director general de Tr\u00e1nsito, Mauricio Gonz\u00e1lez, sobre una posible incrementaci\u00f3n de los controles en v\u00eda p\u00fablica.<\/p>\n","protected":false},"author":1,"featured_media":909,"comment_status":"open","ping_status":"open","sticky":false,"template":"","format":"standard","meta":{"footnotes":""},"categories":[1],"tags":[19,20,17,18,14],"class_list":["post-937","post","type-post","status-publish","format-standard","has-post-thumbnail","hentry","category-novedades","tag-departamento","tag-intendencia","tag-rivera","tag-seguridad-vial","tag-transito"],"_links":{"self":[{"href":"https:\/\/www.rivera.gub.uy\/transito\/wp-json\/wp\/v2\/posts\/937"}],"collection":[{"href":"https:\/\/www.rivera.gub.uy\/transito\/wp-json\/wp\/v2\/posts"}],"about":[{"href":"https:\/\/www.rivera.gub.uy\/transito\/wp-json\/wp\/v2\/types\/post"}],"author":[{"embeddable":true,"href":"https:\/\/www.rivera.gub.uy\/transito\/wp-json\/wp\/v2\/users\/1"}],"replies":[{"embeddable":true,"href":"https:\/\/www.rivera.gub.uy\/transito\/wp-json\/wp\/v2\/comments?post=937"}],"version-history":[{"count":5,"href":"https:\/\/www.rivera.gub.uy\/transito\/wp-json\/wp\/v2\/posts\/937\/revisions"}],"predecessor-version":[{"id":976,"href":"https:\/\/www.rivera.gub.uy\/transito\/wp-json\/wp\/v2\/posts\/937\/revisions\/976"}],"wp:featuredmedia":[{"embeddable":true,"href":"https:\/\/www.rivera.gub.uy\/transito\/wp-json\/wp\/v2\/media\/909"}],"wp:attachment":[{"href":"https:\/\/www.rivera.gub.uy\/transito\/wp-json\/wp\/v2\/media?parent=937"}],"wp:term":[{"taxonomy":"category","embeddable":true,"href":"https:\/\/www.rivera.gub.uy\/transito\/wp-json\/wp\/v2\/categories?post=937"},{"taxonomy":"post_tag","embeddable":true,"href":"https:\/\/www.rivera.gub.uy\/transito\/wp-json\/wp\/v2\/tags?post=937"}],"curies":[{"name":"wp","href":"https:\/\/api.w.org\/{rel}","templated":true}]}}