{"id":939,"date":"2017-10-12T14:14:34","date_gmt":"2017-10-12T14:14:34","guid":{"rendered":"http:\/\/www.rivera.gub.uy\/transito\/?p=939"},"modified":"2017-10-12T16:38:39","modified_gmt":"2017-10-12T16:38:39","slug":"senalizando-en-minas-de-corrales","status":"publish","type":"post","link":"https:\/\/www.rivera.gub.uy\/transito\/senalizando-en-minas-de-corrales\/","title":{"rendered":"Se\u00f1alizando en Minas de Corrales"},"content":{"rendered":"<p>Direcci\u00f3n General de Tr\u00e1nsito y Transporte , comenz\u00f3 la jornada de re se\u00f1alizaci\u00f3n en Minas de Corrales.<\/p>\n<div id='gallery-1' class='gallery galleryid-939 gallery-columns-3 gallery-size-thumbnail'><figure class='gallery-item'>\n\t\t\t<div class='gallery-icon landscape'>\n\t\t\t\t<a href='https:\/\/www.rivera.gub.uy\/transito\/wp-content\/uploads\/2017\/10\/22365238_298225383991540_4087374975677117209_n.jpg'><img loading=\"lazy\" decoding=\"async\" width=\"150\" height=\"150\" src=\"https:\/\/www.rivera.gub.uy\/transito\/wp-content\/uploads\/2017\/10\/22365238_298225383991540_4087374975677117209_n-150x150.jpg\" class=\"attachment-thumbnail size-thumbnail\" alt=\"\" \/><\/a>\n\t\t\t<\/div><\/figure><figure class='gallery-item'>\n\t\t\t<div class='gallery-icon landscape'>\n\t\t\t\t<a href='https:\/\/www.rivera.gub.uy\/transito\/wp-content\/uploads\/2017\/10\/22366285_298225390658206_2331395991676471273_n.jpg'><img loading=\"lazy\" decoding=\"async\" width=\"150\" height=\"150\" src=\"https:\/\/www.rivera.gub.uy\/transito\/wp-content\/uploads\/2017\/10\/22366285_298225390658206_2331395991676471273_n-150x150.jpg\" class=\"attachment-thumbnail size-thumbnail\" alt=\"\" \/><\/a>\n\t\t\t<\/div><\/figure><figure class='gallery-item'>\n\t\t\t<div class='gallery-icon landscape'>\n\t\t\t\t<a href='https:\/\/www.rivera.gub.uy\/transito\/wp-content\/uploads\/2017\/10\/22448171_298225380658207_3438237403274800422_n.jpg'><img loading=\"lazy\" decoding=\"async\" width=\"150\" height=\"150\" src=\"https:\/\/www.rivera.gub.uy\/transito\/wp-content\/uploads\/2017\/10\/22448171_298225380658207_3438237403274800422_n-150x150.jpg\" class=\"attachment-thumbnail size-thumbnail\" alt=\"\" \/><\/a>\n\t\t\t<\/div><\/figure>\n\t\t<\/div>\n\n<p>&nbsp;<\/p>\n","protected":false},"excerpt":{"rendered":"<p>Direcci\u00f3n General de Tr\u00e1nsito y Transporte , comenz\u00f3 la jornada de re se\u00f1alizaci\u00f3n en Minas de Corrales. &nbsp;<\/p>\n","protected":false},"author":1,"featured_media":941,"comment_status":"open","ping_status":"open","sticky":false,"template":"","format":"standard","meta":{"footnotes":""},"categories":[1],"tags":[19,22,17,21],"class_list":["post-939","post","type-post","status-publish","format-standard","has-post-thumbnail","hentry","category-novedades","tag-departamento","tag-minas-de-corrales","tag-rivera","tag-senalizacion"],"_links":{"self":[{"href":"https:\/\/www.rivera.gub.uy\/transito\/wp-json\/wp\/v2\/posts\/939"}],"collection":[{"href":"https:\/\/www.rivera.gub.uy\/transito\/wp-json\/wp\/v2\/posts"}],"about":[{"href":"https:\/\/www.rivera.gub.uy\/transito\/wp-json\/wp\/v2\/types\/post"}],"author":[{"embeddable":true,"href":"https:\/\/www.rivera.gub.uy\/transito\/wp-json\/wp\/v2\/users\/1"}],"replies":[{"embeddable":true,"href":"https:\/\/www.rivera.gub.uy\/transito\/wp-json\/wp\/v2\/comments?post=939"}],"version-history":[{"count":3,"href":"https:\/\/www.rivera.gub.uy\/transito\/wp-json\/wp\/v2\/posts\/939\/revisions"}],"predecessor-version":[{"id":968,"href":"https:\/\/www.rivera.gub.uy\/transito\/wp-json\/wp\/v2\/posts\/939\/revisions\/968"}],"wp:featuredmedia":[{"embeddable":true,"href":"https:\/\/www.rivera.gub.uy\/transito\/wp-json\/wp\/v2\/media\/941"}],"wp:attachment":[{"href":"https:\/\/www.rivera.gub.uy\/transito\/wp-json\/wp\/v2\/media?parent=939"}],"wp:term":[{"taxonomy":"category","embeddable":true,"href":"https:\/\/www.rivera.gub.uy\/transito\/wp-json\/wp\/v2\/categories?post=939"},{"taxonomy":"post_tag","embeddable":true,"href":"https:\/\/www.rivera.gub.uy\/transito\/wp-json\/wp\/v2\/tags?post=939"}],"curies":[{"name":"wp","href":"https:\/\/api.w.org\/{rel}","templated":true}]}}