{"id":945,"date":"2017-10-12T14:16:30","date_gmt":"2017-10-12T14:16:30","guid":{"rendered":"http:\/\/www.rivera.gub.uy\/transito\/?p=945"},"modified":"2017-10-12T16:52:29","modified_gmt":"2017-10-12T16:52:29","slug":"senalizando-nuestra-ciudad","status":"publish","type":"post","link":"https:\/\/www.rivera.gub.uy\/transito\/senalizando-nuestra-ciudad\/","title":{"rendered":"Continuamos se\u00f1alizando la ciudad de Rivera"},"content":{"rendered":"<p>La rotonda ubicada en Manuel Oribe y Pte Viera fue re se\u00f1alizada esta semana, con el fin de mejorar la circulaci\u00f3n de veh\u00edculos en la zona.<\/p>\n<div id='gallery-1' class='gallery galleryid-945 gallery-columns-3 gallery-size-thumbnail'><figure class='gallery-item'>\n\t\t\t<div class='gallery-icon landscape'>\n\t\t\t\t<a href='https:\/\/www.rivera.gub.uy\/transito\/wp-content\/uploads\/2017\/10\/22228098_283281392160198_7251142925710414381_n.jpg'><img loading=\"lazy\" decoding=\"async\" width=\"150\" height=\"150\" src=\"https:\/\/www.rivera.gub.uy\/transito\/wp-content\/uploads\/2017\/10\/22228098_283281392160198_7251142925710414381_n-150x150.jpg\" class=\"attachment-thumbnail size-thumbnail\" alt=\"\" \/><\/a>\n\t\t\t<\/div><\/figure><figure class='gallery-item'>\n\t\t\t<div class='gallery-icon landscape'>\n\t\t\t\t<a href='https:\/\/www.rivera.gub.uy\/transito\/wp-content\/uploads\/2017\/10\/22279949_283281352160202_3771491460574057142_n.jpg'><img loading=\"lazy\" decoding=\"async\" width=\"150\" height=\"150\" src=\"https:\/\/www.rivera.gub.uy\/transito\/wp-content\/uploads\/2017\/10\/22279949_283281352160202_3771491460574057142_n-150x150.jpg\" class=\"attachment-thumbnail size-thumbnail\" alt=\"\" \/><\/a>\n\t\t\t<\/div><\/figure><figure class='gallery-item'>\n\t\t\t<div class='gallery-icon landscape'>\n\t\t\t\t<a href='https:\/\/www.rivera.gub.uy\/transito\/wp-content\/uploads\/2017\/10\/22195963_283281358826868_2424513100251761602_n.jpg'><img loading=\"lazy\" decoding=\"async\" width=\"150\" height=\"150\" src=\"https:\/\/www.rivera.gub.uy\/transito\/wp-content\/uploads\/2017\/10\/22195963_283281358826868_2424513100251761602_n-150x150.jpg\" class=\"attachment-thumbnail size-thumbnail\" alt=\"\" \/><\/a>\n\t\t\t<\/div><\/figure>\n\t\t<\/div>\n\n","protected":false},"excerpt":{"rendered":"<p>La rotonda ubicada en Manuel Oribe y Pte Viera fue re se\u00f1alizada esta semana, con el fin de mejorar la circulaci\u00f3n de veh\u00edculos en la zona.<\/p>\n","protected":false},"author":1,"featured_media":946,"comment_status":"open","ping_status":"open","sticky":false,"template":"","format":"standard","meta":{"footnotes":""},"categories":[1],"tags":[23,19,17,21,14,24],"class_list":["post-945","post","type-post","status-publish","format-standard","has-post-thumbnail","hentry","category-novedades","tag-cirsulacion","tag-departamento","tag-rivera","tag-senalizacion","tag-transito","tag-transporte"],"_links":{"self":[{"href":"https:\/\/www.rivera.gub.uy\/transito\/wp-json\/wp\/v2\/posts\/945"}],"collection":[{"href":"https:\/\/www.rivera.gub.uy\/transito\/wp-json\/wp\/v2\/posts"}],"about":[{"href":"https:\/\/www.rivera.gub.uy\/transito\/wp-json\/wp\/v2\/types\/post"}],"author":[{"embeddable":true,"href":"https:\/\/www.rivera.gub.uy\/transito\/wp-json\/wp\/v2\/users\/1"}],"replies":[{"embeddable":true,"href":"https:\/\/www.rivera.gub.uy\/transito\/wp-json\/wp\/v2\/comments?post=945"}],"version-history":[{"count":3,"href":"https:\/\/www.rivera.gub.uy\/transito\/wp-json\/wp\/v2\/posts\/945\/revisions"}],"predecessor-version":[{"id":970,"href":"https:\/\/www.rivera.gub.uy\/transito\/wp-json\/wp\/v2\/posts\/945\/revisions\/970"}],"wp:featuredmedia":[{"embeddable":true,"href":"https:\/\/www.rivera.gub.uy\/transito\/wp-json\/wp\/v2\/media\/946"}],"wp:attachment":[{"href":"https:\/\/www.rivera.gub.uy\/transito\/wp-json\/wp\/v2\/media?parent=945"}],"wp:term":[{"taxonomy":"category","embeddable":true,"href":"https:\/\/www.rivera.gub.uy\/transito\/wp-json\/wp\/v2\/categories?post=945"},{"taxonomy":"post_tag","embeddable":true,"href":"https:\/\/www.rivera.gub.uy\/transito\/wp-json\/wp\/v2\/tags?post=945"}],"curies":[{"name":"wp","href":"https:\/\/api.w.org\/{rel}","templated":true}]}}