{"id":950,"date":"2017-10-12T14:22:18","date_gmt":"2017-10-12T14:22:18","guid":{"rendered":"http:\/\/www.rivera.gub.uy\/transito\/?p=950"},"modified":"2017-10-12T17:03:56","modified_gmt":"2017-10-12T17:03:56","slug":"recuperando-senales-de-transito-y-nomenclatura","status":"publish","type":"post","link":"https:\/\/www.rivera.gub.uy\/transito\/recuperando-senales-de-transito-y-nomenclatura\/","title":{"rendered":"Recuperando se\u00f1ales de tr\u00e1nsito y nomenclatura"},"content":{"rendered":"<p>El el d\u00eda de hoy, los funcionarios de la DGTT recuperaron <a href=\"https:\/\/www.facebook.com\/permalink.php?story_fbid=285182801970057&amp;id=243718289449842\" target=\"_blank\" rel=\"noopener\">se\u00f1ales de tr\u00e1nsito<\/a> y nomenclatura afectados por el vandalismo, en zona de ciclov\u00eda.\u00a0<!--more--><\/p>\n<p>Dichos hechos pueden ser denunciados por la poblaci\u00f3n, a trav\u00e9s de la nueva app implementada por la IDR, <a href=\"http:\/\/rivera.pormibarrio.uy\/\" target=\"_blank\" rel=\"noopener\">pormibarrio.uy<\/a>.<\/p>\n<p>Entre todos podemos mejorar y cuidar nuestra ciudad!<\/p>\n<p>&nbsp;<\/p>\n<div id='gallery-1' class='gallery galleryid-950 gallery-columns-4 gallery-size-thumbnail'><figure class='gallery-item'>\n\t\t\t<div class='gallery-icon portrait'>\n\t\t\t\t<a href='https:\/\/www.rivera.gub.uy\/transito\/wp-content\/uploads\/2017\/10\/22365289_1905566399460574_5890317246114142291_n.jpg'><img loading=\"lazy\" decoding=\"async\" width=\"150\" height=\"150\" src=\"https:\/\/www.rivera.gub.uy\/transito\/wp-content\/uploads\/2017\/10\/22365289_1905566399460574_5890317246114142291_n-150x150.jpg\" class=\"attachment-thumbnail size-thumbnail\" alt=\"\" \/><\/a>\n\t\t\t<\/div><\/figure><figure class='gallery-item'>\n\t\t\t<div class='gallery-icon landscape'>\n\t\t\t\t<a href='https:\/\/www.rivera.gub.uy\/transito\/wp-content\/uploads\/2017\/10\/22365427_285182771970060_8487302534563346350_n.jpg'><img loading=\"lazy\" decoding=\"async\" width=\"150\" height=\"150\" src=\"https:\/\/www.rivera.gub.uy\/transito\/wp-content\/uploads\/2017\/10\/22365427_285182771970060_8487302534563346350_n-150x150.jpg\" class=\"attachment-thumbnail size-thumbnail\" alt=\"\" \/><\/a>\n\t\t\t<\/div><\/figure><figure class='gallery-item'>\n\t\t\t<div class='gallery-icon landscape'>\n\t\t\t\t<a href='https:\/\/www.rivera.gub.uy\/transito\/wp-content\/uploads\/2017\/10\/22366748_285182775303393_4254813369389269525_n.jpg'><img loading=\"lazy\" decoding=\"async\" width=\"150\" height=\"150\" src=\"https:\/\/www.rivera.gub.uy\/transito\/wp-content\/uploads\/2017\/10\/22366748_285182775303393_4254813369389269525_n-150x150.jpg\" class=\"attachment-thumbnail size-thumbnail\" alt=\"\" \/><\/a>\n\t\t\t<\/div><\/figure><figure class='gallery-item'>\n\t\t\t<div class='gallery-icon portrait'>\n\t\t\t\t<a href='https:\/\/www.rivera.gub.uy\/transito\/wp-content\/uploads\/2017\/10\/22448472_1905566429460571_4421299993519810829_n.jpg'><img loading=\"lazy\" decoding=\"async\" width=\"150\" height=\"150\" src=\"https:\/\/www.rivera.gub.uy\/transito\/wp-content\/uploads\/2017\/10\/22448472_1905566429460571_4421299993519810829_n-150x150.jpg\" class=\"attachment-thumbnail size-thumbnail\" alt=\"\" \/><\/a>\n\t\t\t<\/div><\/figure>\n\t\t<\/div>\n\n<p><a href=\"https:\/\/www.facebook.com\/permalink.php?story_fbid=284993835322287&amp;id=243718289449842\" target=\"_blank\" rel=\"noopener\">Ver m\u00e1s im\u00e1genes<\/a><\/p>\n","protected":false},"excerpt":{"rendered":"<p>El el d\u00eda de hoy, los funcionarios de la DGTT recuperaron se\u00f1ales de tr\u00e1nsito y nomenclatura afectados por el vandalismo, en zona de ciclov\u00eda.\u00a0<\/p>\n","protected":false},"author":1,"featured_media":972,"comment_status":"open","ping_status":"open","sticky":false,"template":"","format":"standard","meta":{"footnotes":""},"categories":[1],"tags":[19,26,17,25,27],"class_list":["post-950","post","type-post","status-publish","format-standard","has-post-thumbnail","hentry","category-novedades","tag-departamento","tag-dgtt","tag-rivera","tag-senales","tag-vandalismo"],"_links":{"self":[{"href":"https:\/\/www.rivera.gub.uy\/transito\/wp-json\/wp\/v2\/posts\/950"}],"collection":[{"href":"https:\/\/www.rivera.gub.uy\/transito\/wp-json\/wp\/v2\/posts"}],"about":[{"href":"https:\/\/www.rivera.gub.uy\/transito\/wp-json\/wp\/v2\/types\/post"}],"author":[{"embeddable":true,"href":"https:\/\/www.rivera.gub.uy\/transito\/wp-json\/wp\/v2\/users\/1"}],"replies":[{"embeddable":true,"href":"https:\/\/www.rivera.gub.uy\/transito\/wp-json\/wp\/v2\/comments?post=950"}],"version-history":[{"count":4,"href":"https:\/\/www.rivera.gub.uy\/transito\/wp-json\/wp\/v2\/posts\/950\/revisions"}],"predecessor-version":[{"id":973,"href":"https:\/\/www.rivera.gub.uy\/transito\/wp-json\/wp\/v2\/posts\/950\/revisions\/973"}],"wp:featuredmedia":[{"embeddable":true,"href":"https:\/\/www.rivera.gub.uy\/transito\/wp-json\/wp\/v2\/media\/972"}],"wp:attachment":[{"href":"https:\/\/www.rivera.gub.uy\/transito\/wp-json\/wp\/v2\/media?parent=950"}],"wp:term":[{"taxonomy":"category","embeddable":true,"href":"https:\/\/www.rivera.gub.uy\/transito\/wp-json\/wp\/v2\/categories?post=950"},{"taxonomy":"post_tag","embeddable":true,"href":"https:\/\/www.rivera.gub.uy\/transito\/wp-json\/wp\/v2\/tags?post=950"}],"curies":[{"name":"wp","href":"https:\/\/api.w.org\/{rel}","templated":true}]}}