{"id":957,"date":"2017-10-12T14:26:43","date_gmt":"2017-10-12T14:26:43","guid":{"rendered":"http:\/\/www.rivera.gub.uy\/transito\/?p=957"},"modified":"2017-10-12T17:09:02","modified_gmt":"2017-10-12T17:09:02","slug":"seguridad-vial","status":"publish","type":"post","link":"https:\/\/www.rivera.gub.uy\/transito\/seguridad-vial\/","title":{"rendered":"Seguridad Vial"},"content":{"rendered":"<p>En el marco de la X Semana Nacional de Seguridad Vial, la Direcci\u00f3n General de Tr\u00e1nsito y Transporte realiz\u00f3 una marcha de concientizaci\u00f3n sobre el tr\u00e1nsito en<span class=\"text_exposed_show\">\u00a0el barrio 33 Orientales.<\/span><span class=\"text_exposed_show\"><!--more--><\/span><\/p>\n<p>La tarea estuvo a cargo de la Unidad de Educaci\u00f3n, Prevenci\u00f3n y Formaci\u00f3n Vial de Tr\u00e1nsito y cont\u00f3 con la colaboraci\u00f3n de Maestros, ni\u00f1os y Padres de la Escuela 88, que marcharon por el barrio con carteles alusivos y mensajes de respeto a las normas del tr\u00e1nsito.<br \/>\nDicha instancia la denominaron \u00ab<strong>Por La Paz en el transito<\/strong>\u00bb<\/p>\n<div id='gallery-1' class='gallery galleryid-957 gallery-columns-3 gallery-size-thumbnail'><figure class='gallery-item'>\n\t\t\t<div class='gallery-icon landscape'>\n\t\t\t\t<a href='https:\/\/www.rivera.gub.uy\/transito\/wp-content\/uploads\/2017\/10\/22282130_298047317342680_2722313851061823802_n.jpg'><img loading=\"lazy\" decoding=\"async\" width=\"150\" height=\"150\" src=\"https:\/\/www.rivera.gub.uy\/transito\/wp-content\/uploads\/2017\/10\/22282130_298047317342680_2722313851061823802_n-150x150.jpg\" class=\"attachment-thumbnail size-thumbnail\" alt=\"\" \/><\/a>\n\t\t\t<\/div><\/figure><figure class='gallery-item'>\n\t\t\t<div class='gallery-icon landscape'>\n\t\t\t\t<a href='https:\/\/www.rivera.gub.uy\/transito\/wp-content\/uploads\/2017\/10\/22405385_298047290676016_2609078465087653272_n.jpg'><img loading=\"lazy\" decoding=\"async\" width=\"150\" height=\"150\" src=\"https:\/\/www.rivera.gub.uy\/transito\/wp-content\/uploads\/2017\/10\/22405385_298047290676016_2609078465087653272_n-150x150.jpg\" class=\"attachment-thumbnail size-thumbnail\" alt=\"\" \/><\/a>\n\t\t\t<\/div><\/figure><figure class='gallery-item'>\n\t\t\t<div class='gallery-icon landscape'>\n\t\t\t\t<a href='https:\/\/www.rivera.gub.uy\/transito\/wp-content\/uploads\/2017\/10\/22405457_298047294009349_6267195568665944930_n.jpg'><img loading=\"lazy\" decoding=\"async\" width=\"150\" height=\"150\" src=\"https:\/\/www.rivera.gub.uy\/transito\/wp-content\/uploads\/2017\/10\/22405457_298047294009349_6267195568665944930_n-150x150.jpg\" class=\"attachment-thumbnail size-thumbnail\" alt=\"\" \/><\/a>\n\t\t\t<\/div><\/figure>\n\t\t<\/div>\n\n<p>&nbsp;<\/p>\n","protected":false},"excerpt":{"rendered":"<p>En el marco de la X Semana Nacional de Seguridad Vial, la Direcci\u00f3n General de Tr\u00e1nsito y Transporte realiz\u00f3 una marcha de concientizaci\u00f3n sobre el tr\u00e1nsito en\u00a0el barrio 33 Orientales.<\/p>\n","protected":false},"author":1,"featured_media":960,"comment_status":"open","ping_status":"open","sticky":false,"template":"","format":"standard","meta":{"footnotes":""},"categories":[1],"tags":[26,20,17,18],"class_list":["post-957","post","type-post","status-publish","format-standard","has-post-thumbnail","hentry","category-novedades","tag-dgtt","tag-intendencia","tag-rivera","tag-seguridad-vial"],"_links":{"self":[{"href":"https:\/\/www.rivera.gub.uy\/transito\/wp-json\/wp\/v2\/posts\/957"}],"collection":[{"href":"https:\/\/www.rivera.gub.uy\/transito\/wp-json\/wp\/v2\/posts"}],"about":[{"href":"https:\/\/www.rivera.gub.uy\/transito\/wp-json\/wp\/v2\/types\/post"}],"author":[{"embeddable":true,"href":"https:\/\/www.rivera.gub.uy\/transito\/wp-json\/wp\/v2\/users\/1"}],"replies":[{"embeddable":true,"href":"https:\/\/www.rivera.gub.uy\/transito\/wp-json\/wp\/v2\/comments?post=957"}],"version-history":[{"count":3,"href":"https:\/\/www.rivera.gub.uy\/transito\/wp-json\/wp\/v2\/posts\/957\/revisions"}],"predecessor-version":[{"id":975,"href":"https:\/\/www.rivera.gub.uy\/transito\/wp-json\/wp\/v2\/posts\/957\/revisions\/975"}],"wp:featuredmedia":[{"embeddable":true,"href":"https:\/\/www.rivera.gub.uy\/transito\/wp-json\/wp\/v2\/media\/960"}],"wp:attachment":[{"href":"https:\/\/www.rivera.gub.uy\/transito\/wp-json\/wp\/v2\/media?parent=957"}],"wp:term":[{"taxonomy":"category","embeddable":true,"href":"https:\/\/www.rivera.gub.uy\/transito\/wp-json\/wp\/v2\/categories?post=957"},{"taxonomy":"post_tag","embeddable":true,"href":"https:\/\/www.rivera.gub.uy\/transito\/wp-json\/wp\/v2\/tags?post=957"}],"curies":[{"name":"wp","href":"https:\/\/api.w.org\/{rel}","templated":true}]}}